{"id":4356,"date":"2021-03-31T11:30:06","date_gmt":"2021-03-31T10:30:06","guid":{"rendered":"https:\/\/aepedome.net\/webmedia\/?p=4356"},"modified":"2021-03-31T11:42:26","modified_gmt":"2021-03-31T10:42:26","slug":"uma-horta-arrumadinha-eb-de-riba-de-ave","status":"publish","type":"post","link":"https:\/\/aeterrasave.net\/webmedia\/uma-horta-arrumadinha-eb-de-riba-de-ave\/","title":{"rendered":"Uma horta arrumadinha &#8211; EB de Riba de Ave"},"content":{"rendered":"<h4>O Pr\u00e9-escolar e o 1.\u00b0 Ciclo est\u00e3o numa semana de interrup\u00e7\u00e3o letiva, no entanto queremos dar a conhecer que a <strong>horta pedag\u00f3gica<\/strong> que est\u00e1 a cargo do 1.\u00ba Ciclo ficou limpa e arrumadinha.<\/h4>\n<h4>Na <strong>EB de Riba de Ave<\/strong> a semana do &#8220;Dia Mundial da \u00c1rvore e da Floresta&#8221; foi acolhida com toda a import\u00e2ncia que lhe \u00e9 reconhecida.<\/h4>\n<h4>Uma das primeiras medidas tomadas foi a limpeza da nossa horta pedag\u00f3gica e a <strong>turma D4<\/strong> do <strong>3.\u00b0 ano<\/strong> decidiu ajudar na prepara\u00e7\u00e3o da horta para futuras planta\u00e7\u00f5es. De enxada e ancinho na m\u00e3o, os alunos tomaram conta do terreno.<\/h4>\n<h4>O envolvimento por parte da turma foi a principal conquista desta atividade, que a todos deixou satisfeitos.<\/h4>\n<p><img loading=\"lazy\" decoding=\"async\" class=\"alignnone size-medium wp-image-4354\" src=\"https:\/\/aepedome.net\/webmedia\/wp-content\/uploads\/2021\/03\/1617182955681_20210326_155614_edit_131195349041958_compress2-300x400.jpg\" alt=\"\" width=\"300\" height=\"400\" srcset=\"https:\/\/aeterrasave.net\/webmedia\/wp-content\/uploads\/2021\/03\/1617182955681_20210326_155614_edit_131195349041958_compress2-300x400.jpg 300w, https:\/\/aeterrasave.net\/webmedia\/wp-content\/uploads\/2021\/03\/1617182955681_20210326_155614_edit_131195349041958_compress2-768x1024.jpg 768w, https:\/\/aeterrasave.net\/webmedia\/wp-content\/uploads\/2021\/03\/1617182955681_20210326_155614_edit_131195349041958_compress2-560x747.jpg 560w, https:\/\/aeterrasave.net\/webmedia\/wp-content\/uploads\/2021\/03\/1617182955681_20210326_155614_edit_131195349041958_compress2-scaled.jpg 1920w\" sizes=\"auto, (max-width: 300px) 100vw, 300px\" \/><img loading=\"lazy\" decoding=\"async\" class=\"alignnone size-medium wp-image-4353\" src=\"https:\/\/aepedome.net\/webmedia\/wp-content\/uploads\/2021\/03\/IMG_20210331_104616_compress37-300x400.jpg\" alt=\"\" width=\"300\" height=\"400\" srcset=\"https:\/\/aeterrasave.net\/webmedia\/wp-content\/uploads\/2021\/03\/IMG_20210331_104616_compress37-300x400.jpg 300w, https:\/\/aeterrasave.net\/webmedia\/wp-content\/uploads\/2021\/03\/IMG_20210331_104616_compress37-768x1024.jpg 768w, https:\/\/aeterrasave.net\/webmedia\/wp-content\/uploads\/2021\/03\/IMG_20210331_104616_compress37-560x747.jpg 560w, https:\/\/aeterrasave.net\/webmedia\/wp-content\/uploads\/2021\/03\/IMG_20210331_104616_compress37-scaled.jpg 1920w\" sizes=\"auto, (max-width: 300px) 100vw, 300px\" \/><\/p>\n<p>&nbsp;<\/p>\n<p>&nbsp;<\/p>\n<p>&nbsp;<\/p>\n<p>&nbsp;<\/p>\n","protected":false},"excerpt":{"rendered":"<p>O Pr\u00e9-escolar e o 1.\u00b0 Ciclo est\u00e3o numa semana de interrup\u00e7\u00e3o letiva, no entanto queremos dar a conhecer que a horta pedag\u00f3gica que est\u00e1 a cargo do 1.\u00ba Ciclo ficou limpa e arrumadinha. Na EB de Riba de Ave a semana do &#8220;Dia Mundial da \u00c1rvore e da Floresta&#8221; foi acolhida com toda a import\u00e2ncia [&hellip;]<\/p>\n","protected":false},"author":8,"featured_media":4355,"comment_status":"closed","ping_status":"closed","sticky":false,"template":"","format":"standard","meta":{"_eb_attr":"","footnotes":""},"categories":[3],"tags":[],"class_list":["post-4356","post","type-post","status-publish","format-standard","has-post-thumbnail","hentry","category-noticias"],"blog_post_layout_featured_media_urls":{"thumbnail":["https:\/\/aeterrasave.net\/webmedia\/wp-content\/uploads\/2021\/03\/20210326_152343_edit_131087756386246_compress28-1-150x150.jpg",150,150,true],"full":["https:\/\/aeterrasave.net\/webmedia\/wp-content\/uploads\/2021\/03\/20210326_152343_edit_131087756386246_compress28-1-scaled.jpg",2064,2560,false]},"categories_names":{"3":{"name":"Not\u00edcias","link":"https:\/\/aeterrasave.net\/webmedia\/category\/noticias\/"}},"tags_names":[],"comments_number":0,"wpmagazine_modules_lite_featured_media_urls":{"thumbnail":["https:\/\/aeterrasave.net\/webmedia\/wp-content\/uploads\/2021\/03\/20210326_152343_edit_131087756386246_compress28-1-150x150.jpg",150,150,true],"cvmm-medium":["https:\/\/aeterrasave.net\/webmedia\/wp-content\/uploads\/2021\/03\/20210326_152343_edit_131087756386246_compress28-1-scaled.jpg",242,300,false],"cvmm-medium-plus":["https:\/\/aeterrasave.net\/webmedia\/wp-content\/uploads\/2021\/03\/20210326_152343_edit_131087756386246_compress28-1-scaled.jpg",167,207,false],"cvmm-portrait":["https:\/\/aeterrasave.net\/webmedia\/wp-content\/uploads\/2021\/03\/20210326_152343_edit_131087756386246_compress28-1-scaled.jpg",400,496,false],"cvmm-medium-square":["https:\/\/aeterrasave.net\/webmedia\/wp-content\/uploads\/2021\/03\/20210326_152343_edit_131087756386246_compress28-1-scaled.jpg",484,600,false],"cvmm-large":["https:\/\/aeterrasave.net\/webmedia\/wp-content\/uploads\/2021\/03\/20210326_152343_edit_131087756386246_compress28-1-scaled.jpg",826,1024,false],"cvmm-small":["https:\/\/aeterrasave.net\/webmedia\/wp-content\/uploads\/2021\/03\/20210326_152343_edit_131087756386246_compress28-1-scaled.jpg",77,95,false],"full":["https:\/\/aeterrasave.net\/webmedia\/wp-content\/uploads\/2021\/03\/20210326_152343_edit_131087756386246_compress28-1-scaled.jpg",2064,2560,false]},"_links":{"self":[{"href":"https:\/\/aeterrasave.net\/webmedia\/wp-json\/wp\/v2\/posts\/4356","targetHints":{"allow":["GET"]}}],"collection":[{"href":"https:\/\/aeterrasave.net\/webmedia\/wp-json\/wp\/v2\/posts"}],"about":[{"href":"https:\/\/aeterrasave.net\/webmedia\/wp-json\/wp\/v2\/types\/post"}],"author":[{"embeddable":true,"href":"https:\/\/aeterrasave.net\/webmedia\/wp-json\/wp\/v2\/users\/8"}],"replies":[{"embeddable":true,"href":"https:\/\/aeterrasave.net\/webmedia\/wp-json\/wp\/v2\/comments?post=4356"}],"version-history":[{"count":7,"href":"https:\/\/aeterrasave.net\/webmedia\/wp-json\/wp\/v2\/posts\/4356\/revisions"}],"predecessor-version":[{"id":4364,"href":"https:\/\/aeterrasave.net\/webmedia\/wp-json\/wp\/v2\/posts\/4356\/revisions\/4364"}],"wp:featuredmedia":[{"embeddable":true,"href":"https:\/\/aeterrasave.net\/webmedia\/wp-json\/wp\/v2\/media\/4355"}],"wp:attachment":[{"href":"https:\/\/aeterrasave.net\/webmedia\/wp-json\/wp\/v2\/media?parent=4356"}],"wp:term":[{"taxonomy":"category","embeddable":true,"href":"https:\/\/aeterrasave.net\/webmedia\/wp-json\/wp\/v2\/categories?post=4356"},{"taxonomy":"post_tag","embeddable":true,"href":"https:\/\/aeterrasave.net\/webmedia\/wp-json\/wp\/v2\/tags?post=4356"}],"curies":[{"name":"wp","href":"https:\/\/api.w.org\/{rel}","templated":true}]}}