{"id":4366,"date":"2021-03-31T18:45:15","date_gmt":"2021-03-31T17:45:15","guid":{"rendered":"https:\/\/aepedome.net\/webmedia\/?p=4366"},"modified":"2021-03-31T20:37:01","modified_gmt":"2021-03-31T19:37:01","slug":"erasmus-corner-na-eb-de-pedome-uma-presenca-green-e-digital","status":"publish","type":"post","link":"https:\/\/aeterrasave.net\/webmedia\/erasmus-corner-na-eb-de-pedome-uma-presenca-green-e-digital\/","title":{"rendered":"Erasmus+ Corner na EB de Pedome  &#8211; uma presen\u00e7a green e digital"},"content":{"rendered":"<p><a href=\"https:\/\/aepedome.net\/webmedia\/wp-content\/uploads\/2021\/03\/2021-03-31_18-15-37_720-1-scaled.jpg\"><img loading=\"lazy\" decoding=\"async\" class=\"alignleft wp-image-4371\" src=\"https:\/\/aepedome.net\/webmedia\/wp-content\/uploads\/2021\/03\/2021-03-31_18-15-37_720-1-400x225.jpg\" alt=\"\" width=\"628\" height=\"353\" srcset=\"https:\/\/aeterrasave.net\/webmedia\/wp-content\/uploads\/2021\/03\/2021-03-31_18-15-37_720-1-400x225.jpg 400w, https:\/\/aeterrasave.net\/webmedia\/wp-content\/uploads\/2021\/03\/2021-03-31_18-15-37_720-1-1024x576.jpg 1024w, https:\/\/aeterrasave.net\/webmedia\/wp-content\/uploads\/2021\/03\/2021-03-31_18-15-37_720-1-768x432.jpg 768w, https:\/\/aeterrasave.net\/webmedia\/wp-content\/uploads\/2021\/03\/2021-03-31_18-15-37_720-1-560x315.jpg 560w\" sizes=\"auto, (max-width: 628px) 100vw, 628px\" \/><\/a><\/p>\n<p style=\"text-align: left;\">O AE Pedome \u00e9 uma comunidade que inclui no seu Projeto Educativo e demais documentos estruturantes o objetivo da internacionaliza\u00e7\u00e3o atrav\u00e9s da realiza\u00e7\u00e3o e dissemina\u00e7\u00e3o de atividades de cariz intercultural e de inova\u00e7\u00e3o estrutural para aumentar a qualidade do servi\u00e7o educativo que presta.<\/p>\n<p style=\"text-align: left;\">Por conseguinte, surge a necessidade de promover o reconhecimento do sentimento europeu, dar visibilidade \u00e0s atividades financiadas pelos v\u00e1rios programas\/projetos, disseminar e explorar os resultados alcan\u00e7ados ao abrigo do Erasmus+, tendo por alicerce uma atua\u00e7\u00e3o baseada em crit\u00e9rios de transpar\u00eancia, responsabiliza\u00e7\u00e3o e presta\u00e7\u00e3o de contas, crit\u00e9rios esses assentes na premissa de que \u00e9 necess\u00e1rio incentivar a criatividade, a inova\u00e7\u00e3o e o esp\u00edrito empreendedor.<\/p>\n<p style=\"text-align: left;\">No sentido de contribuir para a redu\u00e7\u00e3o da depend\u00eancia do papel, o Erasmus+ <em>Corner<\/em> do AE Pedome \u00e9 <em>green<\/em> e digital: um LCD de 65 polegadas t\u00e1til est\u00e1 ligado ao site Erasmus+, constru\u00eddo especificamente para o efeito, e espelha toda a informa\u00e7\u00e3o veiculada no mesmo a fim de toda a comunidade escolar\/educativa se tornar pr\u00f3xima e contemplar a constru\u00e7\u00e3o de uma identidade de escola em di\u00e1logo permanente com a ideologia europeia e as v\u00e1rias express\u00f5es\/linguagens art\u00edsticas. Por conseguinte, com esta instala\u00e7\u00e3o, pretende-se aumentar a visibilidade e impacto do programa Erasmus+ a n\u00edvel interno e externo.<\/p>\n<p style=\"text-align: left;\">O canto Eramus+ est\u00e1 instalado no hall de entrada da escola, o qual foi renovado e emerge como o resultado de um enorme trabalho de equipa\u00a0 que pressup\u00f4s a colabora\u00e7\u00e3o e coopera\u00e7\u00e3o entre v\u00e1rias \u00e1reas e elementos &#8211; parte criativa e organizacional (professores Alexandre Sousa, Alberto Costa), t\u00e9cnica (Sr. Jos\u00e9 Lu\u00eds Mendes), operacional (Vidraria Vimaranense; Arva Design; Sr. Joaquim Macedo; assistentes \u00a0operacionais &#8211; \u00a0Marcelo Oliveira, Jos\u00e9 Carlos Sousa, Francisco Pinheiro,\u00a0Alexandre Pereira, Fernando Peneda), administrativa (Liliana Campos), onde se inclui tamb\u00e9m o apoio\u00a0 da Dire\u00e7\u00e3o e do Munic\u00edpio.<\/p>\n<p style=\"text-align: left;\">Esta instala\u00e7\u00e3o insere-se num movimento de renova\u00e7\u00e3o mais alargado que tem vindo a ser realizado na escola, com o intuito de a tornar, cada vez mais, num espa\u00e7o funcional, de frui\u00e7\u00e3o e dissemina\u00e7\u00e3o cultural, do qual resultou a cria\u00e7\u00e3o de v\u00e1rios espa\u00e7os ligados \u00e0s artes \u2013 Pintura, Fotografia, Escultura\/Modelagem, e que contaram com o precioso contributo das professoras Marisa Croccia, Virg\u00ednia Teniz e Olga Ferreira. De referir ainda as interven\u00e7\u00f5es realizadas ao n\u00edvel da sala do aluno e da biblioteca escolar, espa\u00e7os que se pretendem mais interativos e que permitam a aquisi\u00e7\u00e3o de novas compet\u00eancias, inclusive relacionadas com a utiliza\u00e7\u00e3o de ferramentas digitais, programa\u00e7\u00e3o e rob\u00f3tica.<\/p>\n<p style=\"text-align: left;\">\u00c9 neste contexto que nasce o Canto Erasmus+, o qual acreditamos que, de forma mais <em>green<\/em> e digital, poder\u00e1 promover e valorizar a criatividade, a ludicidade, a sensibilidade est\u00e9tica, a democracia cultural e, sobretudo, a mudan\u00e7a do olhar dos alunos sobre o mundo\/Europa e sobre eles mesmos.<\/p>\n<p style=\"text-align: left;\"><a href=\"https:\/\/aepedome.net\/webmedia\/wp-content\/uploads\/2021\/03\/IMG_20210331_150329-1-scaled.jpg\"><img loading=\"lazy\" decoding=\"async\" class=\"aligncenter wp-image-4372 size-large\" src=\"https:\/\/aepedome.net\/webmedia\/wp-content\/uploads\/2021\/03\/IMG_20210331_150329-1-1024x576.jpg\" alt=\"\" width=\"640\" height=\"360\" srcset=\"https:\/\/aeterrasave.net\/webmedia\/wp-content\/uploads\/2021\/03\/IMG_20210331_150329-1-1024x576.jpg 1024w, https:\/\/aeterrasave.net\/webmedia\/wp-content\/uploads\/2021\/03\/IMG_20210331_150329-1-400x225.jpg 400w, https:\/\/aeterrasave.net\/webmedia\/wp-content\/uploads\/2021\/03\/IMG_20210331_150329-1-768x432.jpg 768w, https:\/\/aeterrasave.net\/webmedia\/wp-content\/uploads\/2021\/03\/IMG_20210331_150329-1-560x315.jpg 560w\" sizes=\"auto, (max-width: 640px) 100vw, 640px\" \/><\/a> <a href=\"https:\/\/aepedome.net\/webmedia\/wp-content\/uploads\/2021\/03\/IMG_20210331_150340-1-scaled.jpg\"><img loading=\"lazy\" decoding=\"async\" class=\"aligncenter wp-image-4373 size-large\" src=\"https:\/\/aepedome.net\/webmedia\/wp-content\/uploads\/2021\/03\/IMG_20210331_150340-1-1024x576.jpg\" alt=\"\" width=\"640\" height=\"360\" srcset=\"https:\/\/aeterrasave.net\/webmedia\/wp-content\/uploads\/2021\/03\/IMG_20210331_150340-1-1024x576.jpg 1024w, https:\/\/aeterrasave.net\/webmedia\/wp-content\/uploads\/2021\/03\/IMG_20210331_150340-1-400x225.jpg 400w, https:\/\/aeterrasave.net\/webmedia\/wp-content\/uploads\/2021\/03\/IMG_20210331_150340-1-768x432.jpg 768w, https:\/\/aeterrasave.net\/webmedia\/wp-content\/uploads\/2021\/03\/IMG_20210331_150340-1-560x315.jpg 560w\" sizes=\"auto, (max-width: 640px) 100vw, 640px\" \/><\/a> <a href=\"https:\/\/aepedome.net\/webmedia\/wp-content\/uploads\/2021\/03\/IMG_20210331_150441-1-scaled.jpg\"><img loading=\"lazy\" decoding=\"async\" class=\"aligncenter wp-image-4374 size-large\" src=\"https:\/\/aepedome.net\/webmedia\/wp-content\/uploads\/2021\/03\/IMG_20210331_150441-1-1024x576.jpg\" alt=\"\" width=\"640\" height=\"360\" srcset=\"https:\/\/aeterrasave.net\/webmedia\/wp-content\/uploads\/2021\/03\/IMG_20210331_150441-1-1024x576.jpg 1024w, https:\/\/aeterrasave.net\/webmedia\/wp-content\/uploads\/2021\/03\/IMG_20210331_150441-1-400x225.jpg 400w, https:\/\/aeterrasave.net\/webmedia\/wp-content\/uploads\/2021\/03\/IMG_20210331_150441-1-768x432.jpg 768w, https:\/\/aeterrasave.net\/webmedia\/wp-content\/uploads\/2021\/03\/IMG_20210331_150441-1-560x315.jpg 560w\" sizes=\"auto, (max-width: 640px) 100vw, 640px\" \/><\/a><\/p>\n<p style=\"text-align: left;\"><a href=\"https:\/\/aepedome.net\/webmedia\/wp-content\/uploads\/2021\/03\/IMG-20210331-WA0003.jpg\"><img loading=\"lazy\" decoding=\"async\" class=\"alignnone size-large wp-image-4384\" src=\"https:\/\/aepedome.net\/webmedia\/wp-content\/uploads\/2021\/03\/IMG-20210331-WA0003-1024x768.jpg\" alt=\"\" width=\"640\" height=\"480\" srcset=\"https:\/\/aeterrasave.net\/webmedia\/wp-content\/uploads\/2021\/03\/IMG-20210331-WA0003-1024x768.jpg 1024w, https:\/\/aeterrasave.net\/webmedia\/wp-content\/uploads\/2021\/03\/IMG-20210331-WA0003-400x300.jpg 400w, https:\/\/aeterrasave.net\/webmedia\/wp-content\/uploads\/2021\/03\/IMG-20210331-WA0003-768x576.jpg 768w, https:\/\/aeterrasave.net\/webmedia\/wp-content\/uploads\/2021\/03\/IMG-20210331-WA0003-560x420.jpg 560w, https:\/\/aeterrasave.net\/webmedia\/wp-content\/uploads\/2021\/03\/IMG-20210331-WA0003.jpg 1920w\" sizes=\"auto, (max-width: 640px) 100vw, 640px\" \/><\/a> <a href=\"https:\/\/aepedome.net\/webmedia\/wp-content\/uploads\/2021\/03\/IMG-20210331-WA0005.jpg\"><img loading=\"lazy\" decoding=\"async\" class=\"alignnone wp-image-4385 size-large\" src=\"https:\/\/aepedome.net\/webmedia\/wp-content\/uploads\/2021\/03\/IMG-20210331-WA0005-1024x768.jpg\" alt=\"\" width=\"640\" height=\"480\" srcset=\"https:\/\/aeterrasave.net\/webmedia\/wp-content\/uploads\/2021\/03\/IMG-20210331-WA0005-1024x768.jpg 1024w, https:\/\/aeterrasave.net\/webmedia\/wp-content\/uploads\/2021\/03\/IMG-20210331-WA0005-400x300.jpg 400w, https:\/\/aeterrasave.net\/webmedia\/wp-content\/uploads\/2021\/03\/IMG-20210331-WA0005-768x576.jpg 768w, https:\/\/aeterrasave.net\/webmedia\/wp-content\/uploads\/2021\/03\/IMG-20210331-WA0005-560x420.jpg 560w, https:\/\/aeterrasave.net\/webmedia\/wp-content\/uploads\/2021\/03\/IMG-20210331-WA0005.jpg 1920w\" sizes=\"auto, (max-width: 640px) 100vw, 640px\" \/><\/a><\/p>\n","protected":false},"excerpt":{"rendered":"<p>O AE Pedome \u00e9 uma comunidade que inclui no seu Projeto Educativo e demais documentos estruturantes o objetivo da internacionaliza\u00e7\u00e3o atrav\u00e9s da realiza\u00e7\u00e3o e dissemina\u00e7\u00e3o de atividades de cariz intercultural e de inova\u00e7\u00e3o estrutural para aumentar a qualidade do servi\u00e7o educativo que presta. Por conseguinte, surge a necessidade de promover o reconhecimento do sentimento europeu, [&hellip;]<\/p>\n","protected":false},"author":14,"featured_media":4371,"comment_status":"closed","ping_status":"closed","sticky":false,"template":"","format":"standard","meta":{"_eb_attr":"","footnotes":""},"categories":[3],"tags":[53],"class_list":["post-4366","post","type-post","status-publish","format-standard","has-post-thumbnail","hentry","category-noticias","tag-erasmus-corner"],"blog_post_layout_featured_media_urls":{"thumbnail":["https:\/\/aeterrasave.net\/webmedia\/wp-content\/uploads\/2021\/03\/2021-03-31_18-15-37_720-1-150x150.jpg",150,150,true],"full":["https:\/\/aeterrasave.net\/webmedia\/wp-content\/uploads\/2021\/03\/2021-03-31_18-15-37_720-1-scaled.jpg",2560,1440,false]},"categories_names":{"3":{"name":"Not\u00edcias","link":"https:\/\/aeterrasave.net\/webmedia\/category\/noticias\/"}},"tags_names":{"53":{"name":"erasmus+ corner","link":"https:\/\/aeterrasave.net\/webmedia\/tag\/erasmus-corner\/"}},"comments_number":0,"wpmagazine_modules_lite_featured_media_urls":{"thumbnail":["https:\/\/aeterrasave.net\/webmedia\/wp-content\/uploads\/2021\/03\/2021-03-31_18-15-37_720-1-150x150.jpg",150,150,true],"cvmm-medium":["https:\/\/aeterrasave.net\/webmedia\/wp-content\/uploads\/2021\/03\/2021-03-31_18-15-37_720-1-scaled.jpg",300,169,false],"cvmm-medium-plus":["https:\/\/aeterrasave.net\/webmedia\/wp-content\/uploads\/2021\/03\/2021-03-31_18-15-37_720-1-scaled.jpg",305,172,false],"cvmm-portrait":["https:\/\/aeterrasave.net\/webmedia\/wp-content\/uploads\/2021\/03\/2021-03-31_18-15-37_720-1-scaled.jpg",400,225,false],"cvmm-medium-square":["https:\/\/aeterrasave.net\/webmedia\/wp-content\/uploads\/2021\/03\/2021-03-31_18-15-37_720-1-scaled.jpg",600,338,false],"cvmm-large":["https:\/\/aeterrasave.net\/webmedia\/wp-content\/uploads\/2021\/03\/2021-03-31_18-15-37_720-1-scaled.jpg",1024,576,false],"cvmm-small":["https:\/\/aeterrasave.net\/webmedia\/wp-content\/uploads\/2021\/03\/2021-03-31_18-15-37_720-1-scaled.jpg",130,73,false],"full":["https:\/\/aeterrasave.net\/webmedia\/wp-content\/uploads\/2021\/03\/2021-03-31_18-15-37_720-1-scaled.jpg",2560,1440,false]},"_links":{"self":[{"href":"https:\/\/aeterrasave.net\/webmedia\/wp-json\/wp\/v2\/posts\/4366","targetHints":{"allow":["GET"]}}],"collection":[{"href":"https:\/\/aeterrasave.net\/webmedia\/wp-json\/wp\/v2\/posts"}],"about":[{"href":"https:\/\/aeterrasave.net\/webmedia\/wp-json\/wp\/v2\/types\/post"}],"author":[{"embeddable":true,"href":"https:\/\/aeterrasave.net\/webmedia\/wp-json\/wp\/v2\/users\/14"}],"replies":[{"embeddable":true,"href":"https:\/\/aeterrasave.net\/webmedia\/wp-json\/wp\/v2\/comments?post=4366"}],"version-history":[{"count":9,"href":"https:\/\/aeterrasave.net\/webmedia\/wp-json\/wp\/v2\/posts\/4366\/revisions"}],"predecessor-version":[{"id":4386,"href":"https:\/\/aeterrasave.net\/webmedia\/wp-json\/wp\/v2\/posts\/4366\/revisions\/4386"}],"wp:featuredmedia":[{"embeddable":true,"href":"https:\/\/aeterrasave.net\/webmedia\/wp-json\/wp\/v2\/media\/4371"}],"wp:attachment":[{"href":"https:\/\/aeterrasave.net\/webmedia\/wp-json\/wp\/v2\/media?parent=4366"}],"wp:term":[{"taxonomy":"category","embeddable":true,"href":"https:\/\/aeterrasave.net\/webmedia\/wp-json\/wp\/v2\/categories?post=4366"},{"taxonomy":"post_tag","embeddable":true,"href":"https:\/\/aeterrasave.net\/webmedia\/wp-json\/wp\/v2\/tags?post=4366"}],"curies":[{"name":"wp","href":"https:\/\/api.w.org\/{rel}","templated":true}]}}