{"id":4730,"date":"2021-04-26T12:56:40","date_gmt":"2021-04-26T11:56:40","guid":{"rendered":"https:\/\/aepedome.net\/webmedia\/?p=4730"},"modified":"2021-04-26T12:56:40","modified_gmt":"2021-04-26T11:56:40","slug":"eb-de-ruivaes-celebra-o-dia-mundial-do-livro","status":"publish","type":"post","link":"https:\/\/aeterrasave.net\/webmedia\/eb-de-ruivaes-celebra-o-dia-mundial-do-livro\/","title":{"rendered":"EB de Ruiv\u00e3es celebra o Dia Mundial do Livro"},"content":{"rendered":"<p><img loading=\"lazy\" decoding=\"async\" class=\"aligncenter size-large wp-image-4731\" src=\"https:\/\/aepedome.net\/webmedia\/wp-content\/uploads\/2021\/04\/Foto1--1024x768.jpg\" alt=\"\" width=\"640\" height=\"480\" srcset=\"https:\/\/aeterrasave.net\/webmedia\/wp-content\/uploads\/2021\/04\/Foto1--1024x768.jpg 1024w, https:\/\/aeterrasave.net\/webmedia\/wp-content\/uploads\/2021\/04\/Foto1--400x300.jpg 400w, https:\/\/aeterrasave.net\/webmedia\/wp-content\/uploads\/2021\/04\/Foto1--768x576.jpg 768w, https:\/\/aeterrasave.net\/webmedia\/wp-content\/uploads\/2021\/04\/Foto1--560x420.jpg 560w, https:\/\/aeterrasave.net\/webmedia\/wp-content\/uploads\/2021\/04\/Foto1-.jpg 1920w\" sizes=\"auto, (max-width: 640px) 100vw, 640px\" \/><\/p>\n<p style=\"font-weight: 400\"><strong>EB de Ruiv\u00e3es celebra o Dia Mundial do Livro<\/strong><\/p>\n<p style=\"font-weight: 400\">\n<p style=\"font-weight: 400\">\u00c9 no dia 23 de abril que se comemora o Dia Mundial do Livro e dos Direitos de Autor!<\/p>\n<p style=\"font-weight: 400\">A EB de Ruiv\u00e3es celebrou esta data com a leitura encenada do livro \u201cP\u00e9talas do Mundo\u201d, do projeto Betweien, por um ator\/contador de hist\u00f3rias e um m\u00fasico, <em>on-line.<\/em><\/p>\n<p style=\"font-weight: 400\">Os nossos alunos puderam viajar pela magia da leitura, com muitos momentos musicais e de intera\u00e7\u00e3o.<\/p>\n<p style=\"font-weight: 400\">Foi uma atividade do agrado de todos e com uma bonita mensagem de cidadania sobre a inclus\u00e3o e a diferen\u00e7a.<\/p>\n","protected":false},"excerpt":{"rendered":"<p>EB de Ruiv\u00e3es celebra o Dia Mundial do Livro \u00c9 no dia 23 de abril que se comemora o Dia Mundial do Livro e dos Direitos de Autor! A EB de Ruiv\u00e3es celebrou esta data com a leitura encenada do livro \u201cP\u00e9talas do Mundo\u201d, do projeto Betweien, por um ator\/contador de hist\u00f3rias e um m\u00fasico, [&hellip;]<\/p>\n","protected":false},"author":9,"featured_media":4731,"comment_status":"closed","ping_status":"closed","sticky":false,"template":"","format":"standard","meta":{"_eb_attr":"","footnotes":""},"categories":[3],"tags":[],"class_list":["post-4730","post","type-post","status-publish","format-standard","has-post-thumbnail","hentry","category-noticias"],"blog_post_layout_featured_media_urls":{"thumbnail":["https:\/\/aeterrasave.net\/webmedia\/wp-content\/uploads\/2021\/04\/Foto1--150x150.jpg",150,150,true],"full":["https:\/\/aeterrasave.net\/webmedia\/wp-content\/uploads\/2021\/04\/Foto1-.jpg",1920,1440,false]},"categories_names":{"3":{"name":"Not\u00edcias","link":"https:\/\/aeterrasave.net\/webmedia\/category\/noticias\/"}},"tags_names":[],"comments_number":0,"wpmagazine_modules_lite_featured_media_urls":{"thumbnail":["https:\/\/aeterrasave.net\/webmedia\/wp-content\/uploads\/2021\/04\/Foto1--150x150.jpg",150,150,true],"cvmm-medium":["https:\/\/aeterrasave.net\/webmedia\/wp-content\/uploads\/2021\/04\/Foto1-.jpg",300,225,false],"cvmm-medium-plus":["https:\/\/aeterrasave.net\/webmedia\/wp-content\/uploads\/2021\/04\/Foto1-.jpg",276,207,false],"cvmm-portrait":["https:\/\/aeterrasave.net\/webmedia\/wp-content\/uploads\/2021\/04\/Foto1-.jpg",400,300,false],"cvmm-medium-square":["https:\/\/aeterrasave.net\/webmedia\/wp-content\/uploads\/2021\/04\/Foto1-.jpg",600,450,false],"cvmm-large":["https:\/\/aeterrasave.net\/webmedia\/wp-content\/uploads\/2021\/04\/Foto1-.jpg",1024,768,false],"cvmm-small":["https:\/\/aeterrasave.net\/webmedia\/wp-content\/uploads\/2021\/04\/Foto1-.jpg",127,95,false],"full":["https:\/\/aeterrasave.net\/webmedia\/wp-content\/uploads\/2021\/04\/Foto1-.jpg",1920,1440,false]},"_links":{"self":[{"href":"https:\/\/aeterrasave.net\/webmedia\/wp-json\/wp\/v2\/posts\/4730","targetHints":{"allow":["GET"]}}],"collection":[{"href":"https:\/\/aeterrasave.net\/webmedia\/wp-json\/wp\/v2\/posts"}],"about":[{"href":"https:\/\/aeterrasave.net\/webmedia\/wp-json\/wp\/v2\/types\/post"}],"author":[{"embeddable":true,"href":"https:\/\/aeterrasave.net\/webmedia\/wp-json\/wp\/v2\/users\/9"}],"replies":[{"embeddable":true,"href":"https:\/\/aeterrasave.net\/webmedia\/wp-json\/wp\/v2\/comments?post=4730"}],"version-history":[{"count":1,"href":"https:\/\/aeterrasave.net\/webmedia\/wp-json\/wp\/v2\/posts\/4730\/revisions"}],"predecessor-version":[{"id":4732,"href":"https:\/\/aeterrasave.net\/webmedia\/wp-json\/wp\/v2\/posts\/4730\/revisions\/4732"}],"wp:featuredmedia":[{"embeddable":true,"href":"https:\/\/aeterrasave.net\/webmedia\/wp-json\/wp\/v2\/media\/4731"}],"wp:attachment":[{"href":"https:\/\/aeterrasave.net\/webmedia\/wp-json\/wp\/v2\/media?parent=4730"}],"wp:term":[{"taxonomy":"category","embeddable":true,"href":"https:\/\/aeterrasave.net\/webmedia\/wp-json\/wp\/v2\/categories?post=4730"},{"taxonomy":"post_tag","embeddable":true,"href":"https:\/\/aeterrasave.net\/webmedia\/wp-json\/wp\/v2\/tags?post=4730"}],"curies":[{"name":"wp","href":"https:\/\/api.w.org\/{rel}","templated":true}]}}