{"id":4733,"date":"2021-04-26T15:29:59","date_gmt":"2021-04-26T14:29:59","guid":{"rendered":"https:\/\/aepedome.net\/webmedia\/?p=4733"},"modified":"2021-04-26T15:30:09","modified_gmt":"2021-04-26T14:30:09","slug":"a-revolucao-dos-cravos-na-eb-de-pedome-grupos-disciplinares-de-historia-e-hgp-em-articulacao-com-a-biblioteca-escolar","status":"publish","type":"post","link":"https:\/\/aeterrasave.net\/webmedia\/a-revolucao-dos-cravos-na-eb-de-pedome-grupos-disciplinares-de-historia-e-hgp-em-articulacao-com-a-biblioteca-escolar\/","title":{"rendered":"A Revolu\u00e7\u00e3o dos cravos na EB de Pedome &#8211; grupos disciplinares de Hist\u00f3ria e HGP em articula\u00e7\u00e3o com a biblioteca escolar"},"content":{"rendered":"<p>Com in\u00edcio a 23 de abril e a prolongar por esta \u00e9poca t\u00e3o significativa da hist\u00f3ria recente do nosso pa\u00eds, a \u201cRevolu\u00e7\u00e3o dos cravos\u201d, os grupos disciplinares de Hist\u00f3ria e HGP, em articula\u00e7\u00e3o com a biblioteca escolar, levam a cabo um conjunto de atividades, que envolve de forma muito intensa toda a comunidade educativa.<\/p>\n<p>Destas atividades constam uma exposi\u00e7\u00e3o subordinada ao tema supracitado, exposi\u00e7\u00e3o que est\u00e1 patente no \u00e1trio da escola e abarca uma mostra de cartazes e maquetas efetuados por todos os \u00a0alunos do 9.\u00ba ano de escolaridade; \u00a0separadores para os livros, com poemas e can\u00e7\u00f5es de abril, elaborados e oferecidos a todos os alunos do 9.\u00ba ano e respetivos professores, pelos alunos do 9.\u00ba E; elabora\u00e7\u00e3o e aplica\u00e7\u00e3o nas turmas do 1.\u00ba CEB, de jogos did\u00e1ticos sobre os principais acontecimentos e personalidades da Revolu\u00e7\u00e3o de abril, pelos alunos das turmas A e E; entrevistas realizadas por alguns alunos do 9.\u00ba D aos respetivos av\u00f3s e apresentadas aos colegas da turma; cria\u00e7\u00e3o do estendal de abril e\u00a0 decora\u00e7\u00e3o da sala de professores com trabalhos alusivos \u00e0 Revolu\u00e7\u00e3o do 25 de abril de 1974.<\/p>\n<p>Integrados nestas comemora\u00e7\u00f5es, os dias 23 e 29 de abril ficaram marcados por um momento de conv\u00edvio na biblioteca, proporcionado por alguns alunos da turma C do 9.\u00ba ano de escolaridade (Cristiano Marques, Diogo Rocha, F\u00e1bio Santos, Frederico Pereira, Jos\u00e9 Lopes, Lara Sousa), que encenaram uma pe\u00e7a teatral apresentada a turmas de todos os ciclos de ensino, de acordo com a respetiva calendariza\u00e7\u00e3o. No final da pe\u00e7a, os alunos puderam apreciar os poemas e can\u00e7\u00f5es do \u201cEstendal de abril\u201d e fazer uma visita \u00e0 exposi\u00e7\u00e3o, acompanhados pelos respetivos professores.<\/p>\n<p>As professoras e alunos envolvidos agradecem a presen\u00e7a e o apoio de todos os elementos da comunidade educativa que estiveram presentes e de todos os colegas que possibilitaram a realiza\u00e7\u00e3o de todas as atividades.<\/p>\n<p>\u00c9 de salientar tamb\u00e9m neste projeto a articula\u00e7\u00e3o entre a escola e a fam\u00edlia, tendo os encarregados de educa\u00e7\u00e3o colaborado com os seus educandos no sentido de atingirem os seus objetivos.<\/p>\n<p>Parab\u00e9ns aos participantes! \u00a0\u00a0\u00a0 <img loading=\"lazy\" decoding=\"async\" class=\"size-medium wp-image-4734 aligncenter\" src=\"https:\/\/aepedome.net\/webmedia\/wp-content\/uploads\/2021\/04\/img_20210423_082924-2-400x300.jpg\" alt=\"\" width=\"400\" height=\"300\" srcset=\"https:\/\/aeterrasave.net\/webmedia\/wp-content\/uploads\/2021\/04\/img_20210423_082924-2-400x300.jpg 400w, https:\/\/aeterrasave.net\/webmedia\/wp-content\/uploads\/2021\/04\/img_20210423_082924-2-1024x768.jpg 1024w, https:\/\/aeterrasave.net\/webmedia\/wp-content\/uploads\/2021\/04\/img_20210423_082924-2-768x576.jpg 768w, https:\/\/aeterrasave.net\/webmedia\/wp-content\/uploads\/2021\/04\/img_20210423_082924-2-560x420.jpg 560w, https:\/\/aeterrasave.net\/webmedia\/wp-content\/uploads\/2021\/04\/img_20210423_082924-2.jpg 2000w\" sizes=\"auto, (max-width: 400px) 100vw, 400px\" \/><\/p>\n","protected":false},"excerpt":{"rendered":"<p>Com in\u00edcio a 23 de abril e a prolongar por esta \u00e9poca t\u00e3o significativa da hist\u00f3ria recente do nosso pa\u00eds, a \u201cRevolu\u00e7\u00e3o dos cravos\u201d, os grupos disciplinares de Hist\u00f3ria e HGP, em articula\u00e7\u00e3o com a biblioteca escolar, levam a cabo um conjunto de atividades, que envolve de forma muito intensa toda a comunidade educativa. Destas [&hellip;]<\/p>\n","protected":false},"author":39,"featured_media":4734,"comment_status":"closed","ping_status":"closed","sticky":false,"template":"","format":"standard","meta":{"_eb_attr":"","footnotes":""},"categories":[3],"tags":[55],"class_list":["post-4733","post","type-post","status-publish","format-standard","has-post-thumbnail","hentry","category-noticias","tag-25-de-abril"],"blog_post_layout_featured_media_urls":{"thumbnail":["https:\/\/aeterrasave.net\/webmedia\/wp-content\/uploads\/2021\/04\/img_20210423_082924-2-150x150.jpg",150,150,true],"full":["https:\/\/aeterrasave.net\/webmedia\/wp-content\/uploads\/2021\/04\/img_20210423_082924-2.jpg",2000,1500,false]},"categories_names":{"3":{"name":"Not\u00edcias","link":"https:\/\/aeterrasave.net\/webmedia\/category\/noticias\/"}},"tags_names":{"55":{"name":"25 de abril","link":"https:\/\/aeterrasave.net\/webmedia\/tag\/25-de-abril\/"}},"comments_number":0,"wpmagazine_modules_lite_featured_media_urls":{"thumbnail":["https:\/\/aeterrasave.net\/webmedia\/wp-content\/uploads\/2021\/04\/img_20210423_082924-2-150x150.jpg",150,150,true],"cvmm-medium":["https:\/\/aeterrasave.net\/webmedia\/wp-content\/uploads\/2021\/04\/img_20210423_082924-2.jpg",300,225,false],"cvmm-medium-plus":["https:\/\/aeterrasave.net\/webmedia\/wp-content\/uploads\/2021\/04\/img_20210423_082924-2.jpg",276,207,false],"cvmm-portrait":["https:\/\/aeterrasave.net\/webmedia\/wp-content\/uploads\/2021\/04\/img_20210423_082924-2.jpg",400,300,false],"cvmm-medium-square":["https:\/\/aeterrasave.net\/webmedia\/wp-content\/uploads\/2021\/04\/img_20210423_082924-2.jpg",600,450,false],"cvmm-large":["https:\/\/aeterrasave.net\/webmedia\/wp-content\/uploads\/2021\/04\/img_20210423_082924-2.jpg",1024,768,false],"cvmm-small":["https:\/\/aeterrasave.net\/webmedia\/wp-content\/uploads\/2021\/04\/img_20210423_082924-2.jpg",127,95,false],"full":["https:\/\/aeterrasave.net\/webmedia\/wp-content\/uploads\/2021\/04\/img_20210423_082924-2.jpg",2000,1500,false]},"_links":{"self":[{"href":"https:\/\/aeterrasave.net\/webmedia\/wp-json\/wp\/v2\/posts\/4733","targetHints":{"allow":["GET"]}}],"collection":[{"href":"https:\/\/aeterrasave.net\/webmedia\/wp-json\/wp\/v2\/posts"}],"about":[{"href":"https:\/\/aeterrasave.net\/webmedia\/wp-json\/wp\/v2\/types\/post"}],"author":[{"embeddable":true,"href":"https:\/\/aeterrasave.net\/webmedia\/wp-json\/wp\/v2\/users\/39"}],"replies":[{"embeddable":true,"href":"https:\/\/aeterrasave.net\/webmedia\/wp-json\/wp\/v2\/comments?post=4733"}],"version-history":[{"count":1,"href":"https:\/\/aeterrasave.net\/webmedia\/wp-json\/wp\/v2\/posts\/4733\/revisions"}],"predecessor-version":[{"id":4735,"href":"https:\/\/aeterrasave.net\/webmedia\/wp-json\/wp\/v2\/posts\/4733\/revisions\/4735"}],"wp:featuredmedia":[{"embeddable":true,"href":"https:\/\/aeterrasave.net\/webmedia\/wp-json\/wp\/v2\/media\/4734"}],"wp:attachment":[{"href":"https:\/\/aeterrasave.net\/webmedia\/wp-json\/wp\/v2\/media?parent=4733"}],"wp:term":[{"taxonomy":"category","embeddable":true,"href":"https:\/\/aeterrasave.net\/webmedia\/wp-json\/wp\/v2\/categories?post=4733"},{"taxonomy":"post_tag","embeddable":true,"href":"https:\/\/aeterrasave.net\/webmedia\/wp-json\/wp\/v2\/tags?post=4733"}],"curies":[{"name":"wp","href":"https:\/\/api.w.org\/{rel}","templated":true}]}}