{"id":5028,"date":"2021-05-23T12:12:32","date_gmt":"2021-05-23T11:12:32","guid":{"rendered":"https:\/\/aepedome.net\/webmedia\/?p=5028"},"modified":"2021-05-23T12:22:38","modified_gmt":"2021-05-23T11:22:38","slug":"o-8oe-e-o-eco-janela-floridas","status":"publish","type":"post","link":"https:\/\/aeterrasave.net\/webmedia\/o-8oe-e-o-eco-janela-floridas\/","title":{"rendered":"O 8\u00baE e o Eco Janela Floridas"},"content":{"rendered":"<p>&nbsp;<\/p>\n<p>No \u00e2mbito do projeto <strong><em>Eco-Escolas<\/em><\/strong>, os alunos do 8.\u00ba E do Agrupamento de Escolas de Pedome participaram no concurso \u00ab<strong><em>Eco Janelas Floridas<\/em><\/strong>\u00bb, promovido pela C\u00e2mara Municipal de Vila Nova de Famalic\u00e3o atrav\u00e9s do Gabinete de Sensibiliza\u00e7\u00e3o Ambiental, da Divis\u00e3o de Ambiente.<\/p>\n<p>Durante meses, apresar do confinamento de janeiro a mar\u00e7o, os alunos continuaram a ambicionar o projeto, cujos objetivos foram fomentar o gosto saud\u00e1vel pela natureza, promover a biodiversidade pelos espa\u00e7os verdes, apreender e incitar a reutiliza\u00e7\u00e3o e estimular a criatividade na elabora\u00e7\u00e3o das tarefas da cria\u00e7\u00e3o das floreiras floridas.<\/p>\n<p>O trabalho em equipa proporcionou momentos hilariantes, efusivos e, simultaneamente, de responsabilidade.<\/p>\n<p>No final, todos sa\u00edram satisfeitos, n\u00e3o s\u00f3 pelo conv\u00edvio entre os alunos, mas tamb\u00e9m, e sobretudo, pelo projeto, que extrapolou as expetativas iniciais.<\/p>\n<p>O trabalho foi avaliado e fotografado pelos membros do j\u00fari que se apresentaram na escola sede, no dia 19 de maio.<\/p>\n<p>&nbsp;<\/p>\n","protected":false},"excerpt":{"rendered":"<p>&nbsp; No \u00e2mbito do projeto Eco-Escolas, os alunos do 8.\u00ba E do Agrupamento de Escolas de Pedome participaram no concurso \u00abEco Janelas Floridas\u00bb, promovido pela C\u00e2mara Municipal de Vila Nova de Famalic\u00e3o atrav\u00e9s do Gabinete de Sensibiliza\u00e7\u00e3o Ambiental, da Divis\u00e3o de Ambiente. Durante meses, apresar do confinamento de janeiro a mar\u00e7o, os alunos continuaram a [&hellip;]<\/p>\n","protected":false},"author":28,"featured_media":5029,"comment_status":"closed","ping_status":"closed","sticky":false,"template":"","format":"standard","meta":{"_eb_attr":"","footnotes":""},"categories":[3],"tags":[],"class_list":["post-5028","post","type-post","status-publish","format-standard","has-post-thumbnail","hentry","category-noticias"],"blog_post_layout_featured_media_urls":{"thumbnail":["https:\/\/aeterrasave.net\/webmedia\/wp-content\/uploads\/2021\/05\/foto-2-Eco-janelas-floridas-150x150.jpg",150,150,true],"full":["https:\/\/aeterrasave.net\/webmedia\/wp-content\/uploads\/2021\/05\/foto-2-Eco-janelas-floridas-scaled.jpg",2560,2560,false]},"categories_names":{"3":{"name":"Not\u00edcias","link":"https:\/\/aeterrasave.net\/webmedia\/category\/noticias\/"}},"tags_names":[],"comments_number":0,"wpmagazine_modules_lite_featured_media_urls":{"thumbnail":["https:\/\/aeterrasave.net\/webmedia\/wp-content\/uploads\/2021\/05\/foto-2-Eco-janelas-floridas-150x150.jpg",150,150,true],"cvmm-medium":["https:\/\/aeterrasave.net\/webmedia\/wp-content\/uploads\/2021\/05\/foto-2-Eco-janelas-floridas-scaled.jpg",300,300,false],"cvmm-medium-plus":["https:\/\/aeterrasave.net\/webmedia\/wp-content\/uploads\/2021\/05\/foto-2-Eco-janelas-floridas-scaled.jpg",207,207,false],"cvmm-portrait":["https:\/\/aeterrasave.net\/webmedia\/wp-content\/uploads\/2021\/05\/foto-2-Eco-janelas-floridas-scaled.jpg",400,400,false],"cvmm-medium-square":["https:\/\/aeterrasave.net\/webmedia\/wp-content\/uploads\/2021\/05\/foto-2-Eco-janelas-floridas-scaled.jpg",600,600,false],"cvmm-large":["https:\/\/aeterrasave.net\/webmedia\/wp-content\/uploads\/2021\/05\/foto-2-Eco-janelas-floridas-scaled.jpg",1024,1024,false],"cvmm-small":["https:\/\/aeterrasave.net\/webmedia\/wp-content\/uploads\/2021\/05\/foto-2-Eco-janelas-floridas-scaled.jpg",95,95,false],"full":["https:\/\/aeterrasave.net\/webmedia\/wp-content\/uploads\/2021\/05\/foto-2-Eco-janelas-floridas-scaled.jpg",2560,2560,false]},"_links":{"self":[{"href":"https:\/\/aeterrasave.net\/webmedia\/wp-json\/wp\/v2\/posts\/5028","targetHints":{"allow":["GET"]}}],"collection":[{"href":"https:\/\/aeterrasave.net\/webmedia\/wp-json\/wp\/v2\/posts"}],"about":[{"href":"https:\/\/aeterrasave.net\/webmedia\/wp-json\/wp\/v2\/types\/post"}],"author":[{"embeddable":true,"href":"https:\/\/aeterrasave.net\/webmedia\/wp-json\/wp\/v2\/users\/28"}],"replies":[{"embeddable":true,"href":"https:\/\/aeterrasave.net\/webmedia\/wp-json\/wp\/v2\/comments?post=5028"}],"version-history":[{"count":4,"href":"https:\/\/aeterrasave.net\/webmedia\/wp-json\/wp\/v2\/posts\/5028\/revisions"}],"predecessor-version":[{"id":5035,"href":"https:\/\/aeterrasave.net\/webmedia\/wp-json\/wp\/v2\/posts\/5028\/revisions\/5035"}],"wp:featuredmedia":[{"embeddable":true,"href":"https:\/\/aeterrasave.net\/webmedia\/wp-json\/wp\/v2\/media\/5029"}],"wp:attachment":[{"href":"https:\/\/aeterrasave.net\/webmedia\/wp-json\/wp\/v2\/media?parent=5028"}],"wp:term":[{"taxonomy":"category","embeddable":true,"href":"https:\/\/aeterrasave.net\/webmedia\/wp-json\/wp\/v2\/categories?post=5028"},{"taxonomy":"post_tag","embeddable":true,"href":"https:\/\/aeterrasave.net\/webmedia\/wp-json\/wp\/v2\/tags?post=5028"}],"curies":[{"name":"wp","href":"https:\/\/api.w.org\/{rel}","templated":true}]}}