{"id":5772,"date":"2021-07-11T18:27:06","date_gmt":"2021-07-11T17:27:06","guid":{"rendered":"https:\/\/aepedome.net\/webmedia\/?p=5772"},"modified":"2021-07-11T18:27:09","modified_gmt":"2021-07-11T17:27:09","slug":"verao-em-ligacao-2021","status":"publish","type":"post","link":"https:\/\/aeterrasave.net\/webmedia\/verao-em-ligacao-2021\/","title":{"rendered":"Ver\u00e3o em Liga\u00e7\u00e3o 2021"},"content":{"rendered":"\n<p>Semana interativa para jovens promove atividades digitais educativas sobre sa\u00fade e cancro durante as f\u00e9rias escolares. O Departamento de Educa\u00e7\u00e3o para a Sa\u00fade do N\u00facleo Regional do Norte da Liga Portuguesa Contra o Cancro desenvolve a segunda edi\u00e7\u00e3o do VER\u00c3O EM LIGA\u00c7\u00c3O, um projeto de ocupa\u00e7\u00e3o de tempos livres nas f\u00e9rias para jovens entre os 10 e os 15 anos que frequentem uma escola da zona Norte do pa\u00eds ou que tenham resid\u00eancia na regi\u00e3o Norte.&nbsp;<br>Durante uma semana (de 19 a 23 de julho 2021), diversas atividades educativas e l\u00fadicas ser\u00e3o desenvolvidas online de forma s\u00edncrona e ass\u00edncrona entre as 9h30 e as 17h, com intervalos das 11h \u00e0s 11h30 e das 13h \u00e0s 14h.&nbsp;<br>De forma divertida e digital poder\u00e3o aprender mais sobre os malef\u00edcios do tabaco, a alimenta\u00e7\u00e3o saud\u00e1vel, os benef\u00edcios da atividade f\u00edsica e os cuidados com o sol.&nbsp; A interatividade dos conceitos ser\u00e1 assegurada com a utiliza\u00e7\u00e3o da plataforma Zoom, com monitoriza\u00e7\u00e3o de t\u00e9cnicas e psic\u00f3logas da Educa\u00e7\u00e3o para a Sa\u00fade do NRN. As atividades ass\u00edncronas ser\u00e3o desenvolvidas sem acompanhamento online e posteriormente os trabalhos ser\u00e3o apresentados aos participantes e \u00e0s monitoras do VER\u00c3O EM LIGA\u00c7\u00c3O. &nbsp;<\/p>\n\n\n\n<p><strong>Inscri\u00e7\u00e3o \u00e9 gratuita e obrigat\u00f3ria atrav\u00e9s do preenchimento do formul\u00e1rio&nbsp;<\/strong>no link:<\/p>\n\n\n\n<p><a href=\"https:\/\/www.ligacontracancro.pt\/verao-em-ligacao-2021-inscricao\/\">https:\/\/www.ligacontracancro.pt\/verao-em-ligacao-2021-inscricao\/<\/a><\/p>\n\n\n\n<figure class=\"wp-block-image size-large\"><img decoding=\"async\" src=\"https:\/\/www.ligacontracancro.pt\/www\/uploads\/nr-norte\/des\/THUMBS-380x280-ADAPTIVE\/verao-em-ligacao-news-27.jpg\" alt=\"\" \/><\/figure>\n\n\n","protected":false},"excerpt":{"rendered":"<p>Semana interativa para jovens promove atividades digitais educativas sobre sa\u00fade e cancro durante as f\u00e9rias escolares. O Departamento de Educa\u00e7\u00e3o para a Sa\u00fade do N\u00facleo Regional do Norte da Liga Portuguesa Contra o Cancro desenvolve a segunda edi\u00e7\u00e3o do VER\u00c3O EM LIGA\u00c7\u00c3O, um projeto de ocupa\u00e7\u00e3o de tempos livres nas f\u00e9rias para jovens entre os [&hellip;]<\/p>\n","protected":false},"author":37,"featured_media":22989,"comment_status":"closed","ping_status":"closed","sticky":false,"template":"","format":"standard","meta":{"_eb_attr":"","footnotes":""},"categories":[3],"tags":[],"class_list":["post-5772","post","type-post","status-publish","format-standard","has-post-thumbnail","hentry","category-noticias"],"blog_post_layout_featured_media_urls":{"thumbnail":["https:\/\/aeterrasave.net\/webmedia\/wp-content\/uploads\/2026\/04\/Default_AETA_New-150x82.png",150,82,true],"full":["https:\/\/aeterrasave.net\/webmedia\/wp-content\/uploads\/2026\/04\/Default_AETA_New.png",300,82,false]},"categories_names":{"3":{"name":"Not\u00edcias","link":"https:\/\/aeterrasave.net\/webmedia\/category\/noticias\/"}},"tags_names":[],"comments_number":0,"wpmagazine_modules_lite_featured_media_urls":{"thumbnail":["https:\/\/aeterrasave.net\/webmedia\/wp-content\/uploads\/2026\/04\/Default_AETA_New-150x82.png",150,82,true],"cvmm-medium":["https:\/\/aeterrasave.net\/webmedia\/wp-content\/uploads\/2026\/04\/Default_AETA_New.png",300,82,false],"cvmm-medium-plus":["https:\/\/aeterrasave.net\/webmedia\/wp-content\/uploads\/2026\/04\/Default_AETA_New.png",300,82,false],"cvmm-portrait":["https:\/\/aeterrasave.net\/webmedia\/wp-content\/uploads\/2026\/04\/Default_AETA_New.png",300,82,false],"cvmm-medium-square":["https:\/\/aeterrasave.net\/webmedia\/wp-content\/uploads\/2026\/04\/Default_AETA_New.png",300,82,false],"cvmm-large":["https:\/\/aeterrasave.net\/webmedia\/wp-content\/uploads\/2026\/04\/Default_AETA_New.png",300,82,false],"cvmm-small":["https:\/\/aeterrasave.net\/webmedia\/wp-content\/uploads\/2026\/04\/Default_AETA_New-130x82.png",130,82,true],"full":["https:\/\/aeterrasave.net\/webmedia\/wp-content\/uploads\/2026\/04\/Default_AETA_New.png",300,82,false]},"_links":{"self":[{"href":"https:\/\/aeterrasave.net\/webmedia\/wp-json\/wp\/v2\/posts\/5772","targetHints":{"allow":["GET"]}}],"collection":[{"href":"https:\/\/aeterrasave.net\/webmedia\/wp-json\/wp\/v2\/posts"}],"about":[{"href":"https:\/\/aeterrasave.net\/webmedia\/wp-json\/wp\/v2\/types\/post"}],"author":[{"embeddable":true,"href":"https:\/\/aeterrasave.net\/webmedia\/wp-json\/wp\/v2\/users\/37"}],"replies":[{"embeddable":true,"href":"https:\/\/aeterrasave.net\/webmedia\/wp-json\/wp\/v2\/comments?post=5772"}],"version-history":[{"count":2,"href":"https:\/\/aeterrasave.net\/webmedia\/wp-json\/wp\/v2\/posts\/5772\/revisions"}],"predecessor-version":[{"id":5774,"href":"https:\/\/aeterrasave.net\/webmedia\/wp-json\/wp\/v2\/posts\/5772\/revisions\/5774"}],"wp:featuredmedia":[{"embeddable":true,"href":"https:\/\/aeterrasave.net\/webmedia\/wp-json\/wp\/v2\/media\/22989"}],"wp:attachment":[{"href":"https:\/\/aeterrasave.net\/webmedia\/wp-json\/wp\/v2\/media?parent=5772"}],"wp:term":[{"taxonomy":"category","embeddable":true,"href":"https:\/\/aeterrasave.net\/webmedia\/wp-json\/wp\/v2\/categories?post=5772"},{"taxonomy":"post_tag","embeddable":true,"href":"https:\/\/aeterrasave.net\/webmedia\/wp-json\/wp\/v2\/tags?post=5772"}],"curies":[{"name":"wp","href":"https:\/\/api.w.org\/{rel}","templated":true}]}}