{"id":6106,"date":"2021-10-20T11:07:55","date_gmt":"2021-10-20T10:07:55","guid":{"rendered":"https:\/\/aepedome.net\/webmedia\/?p=6106"},"modified":"2021-10-20T11:07:58","modified_gmt":"2021-10-20T10:07:58","slug":"mes-internacional-das-bibliotecas-escolares","status":"publish","type":"post","link":"https:\/\/aeterrasave.net\/webmedia\/mes-internacional-das-bibliotecas-escolares\/","title":{"rendered":"M\u00eas Internacional das Bibliotecas Escolares"},"content":{"rendered":"\n<p>No \u00e2mbito do M\u00eas Internacional das Bibliotecas Escolares, hoje a EB de Bairro recebeu o contador de hist\u00f3rias Rui Ramos para realizar a apresenta\u00e7\u00e3o do livro &#8220;O Homem da Nuvem Escura&#8221; de In\u00eas Vinagre com ilustra\u00e7\u00f5es de Sebasti\u00e3o Peixoto. Foi uma apresenta\u00e7\u00e3o muito din\u00e2mica em que os alunos participaram de uma forma muito entusi\u00e1stica.<\/p>\n\n\n\n<figure class=\"wp-block-image size-large\"><img loading=\"lazy\" decoding=\"async\" width=\"1024\" height=\"768\" src=\"https:\/\/aepedome.net\/webmedia\/wp-content\/uploads\/2021\/10\/20211020_093317-1024x768.jpg\" alt=\"\" class=\"wp-image-6107\" srcset=\"https:\/\/aeterrasave.net\/webmedia\/wp-content\/uploads\/2021\/10\/20211020_093317-1024x768.jpg 1024w, https:\/\/aeterrasave.net\/webmedia\/wp-content\/uploads\/2021\/10\/20211020_093317-400x300.jpg 400w, https:\/\/aeterrasave.net\/webmedia\/wp-content\/uploads\/2021\/10\/20211020_093317-768x576.jpg 768w, https:\/\/aeterrasave.net\/webmedia\/wp-content\/uploads\/2021\/10\/20211020_093317-560x420.jpg 560w\" sizes=\"auto, (max-width: 1024px) 100vw, 1024px\" \/><\/figure>\n\n\n\n<figure class=\"wp-block-image size-large\"><img loading=\"lazy\" decoding=\"async\" width=\"768\" height=\"1024\" src=\"https:\/\/aepedome.net\/webmedia\/wp-content\/uploads\/2021\/10\/20211020_100901-768x1024.jpg\" alt=\"\" class=\"wp-image-6108\" srcset=\"https:\/\/aeterrasave.net\/webmedia\/wp-content\/uploads\/2021\/10\/20211020_100901-768x1024.jpg 768w, https:\/\/aeterrasave.net\/webmedia\/wp-content\/uploads\/2021\/10\/20211020_100901-300x400.jpg 300w, https:\/\/aeterrasave.net\/webmedia\/wp-content\/uploads\/2021\/10\/20211020_100901-560x747.jpg 560w, https:\/\/aeterrasave.net\/webmedia\/wp-content\/uploads\/2021\/10\/20211020_100901-scaled.jpg 1920w\" sizes=\"auto, (max-width: 768px) 100vw, 768px\" \/><\/figure>\n\n\n\n<figure class=\"wp-block-image size-large\"><img loading=\"lazy\" decoding=\"async\" width=\"1024\" height=\"576\" src=\"https:\/\/aepedome.net\/webmedia\/wp-content\/uploads\/2021\/10\/IMG_20211020_093339-1024x576.jpg\" alt=\"\" class=\"wp-image-6109\" srcset=\"https:\/\/aeterrasave.net\/webmedia\/wp-content\/uploads\/2021\/10\/IMG_20211020_093339-1024x576.jpg 1024w, https:\/\/aeterrasave.net\/webmedia\/wp-content\/uploads\/2021\/10\/IMG_20211020_093339-400x225.jpg 400w, https:\/\/aeterrasave.net\/webmedia\/wp-content\/uploads\/2021\/10\/IMG_20211020_093339-768x432.jpg 768w, https:\/\/aeterrasave.net\/webmedia\/wp-content\/uploads\/2021\/10\/IMG_20211020_093339-560x315.jpg 560w\" sizes=\"auto, (max-width: 1024px) 100vw, 1024px\" \/><figcaption>Exif_JPEG_420<\/figcaption><\/figure>\n","protected":false},"excerpt":{"rendered":"<p>No \u00e2mbito do M\u00eas Internacional das Bibliotecas Escolares, hoje a EB de Bairro recebeu o contador de hist\u00f3rias Rui Ramos para realizar a apresenta\u00e7\u00e3o do livro &#8220;O Homem da Nuvem Escura&#8221; de In\u00eas Vinagre com ilustra\u00e7\u00f5es de Sebasti\u00e3o Peixoto. Foi uma apresenta\u00e7\u00e3o muito din\u00e2mica em que os alunos participaram de uma forma muito entusi\u00e1stica.<\/p>\n","protected":false},"author":3,"featured_media":6109,"comment_status":"closed","ping_status":"closed","sticky":false,"template":"","format":"standard","meta":{"_eb_attr":"","footnotes":""},"categories":[3],"tags":[],"class_list":["post-6106","post","type-post","status-publish","format-standard","has-post-thumbnail","hentry","category-noticias"],"blog_post_layout_featured_media_urls":{"thumbnail":["https:\/\/aeterrasave.net\/webmedia\/wp-content\/uploads\/2021\/10\/IMG_20211020_093339-150x150.jpg",150,150,true],"full":["https:\/\/aeterrasave.net\/webmedia\/wp-content\/uploads\/2021\/10\/IMG_20211020_093339-scaled.jpg",2560,1440,false]},"categories_names":{"3":{"name":"Not\u00edcias","link":"https:\/\/aeterrasave.net\/webmedia\/category\/noticias\/"}},"tags_names":[],"comments_number":0,"wpmagazine_modules_lite_featured_media_urls":{"thumbnail":["https:\/\/aeterrasave.net\/webmedia\/wp-content\/uploads\/2021\/10\/IMG_20211020_093339-150x150.jpg",150,150,true],"cvmm-medium":["https:\/\/aeterrasave.net\/webmedia\/wp-content\/uploads\/2021\/10\/IMG_20211020_093339-scaled.jpg",300,169,false],"cvmm-medium-plus":["https:\/\/aeterrasave.net\/webmedia\/wp-content\/uploads\/2021\/10\/IMG_20211020_093339-scaled.jpg",305,172,false],"cvmm-portrait":["https:\/\/aeterrasave.net\/webmedia\/wp-content\/uploads\/2021\/10\/IMG_20211020_093339-scaled.jpg",400,225,false],"cvmm-medium-square":["https:\/\/aeterrasave.net\/webmedia\/wp-content\/uploads\/2021\/10\/IMG_20211020_093339-scaled.jpg",600,338,false],"cvmm-large":["https:\/\/aeterrasave.net\/webmedia\/wp-content\/uploads\/2021\/10\/IMG_20211020_093339-scaled.jpg",1024,576,false],"cvmm-small":["https:\/\/aeterrasave.net\/webmedia\/wp-content\/uploads\/2021\/10\/IMG_20211020_093339-scaled.jpg",130,73,false],"full":["https:\/\/aeterrasave.net\/webmedia\/wp-content\/uploads\/2021\/10\/IMG_20211020_093339-scaled.jpg",2560,1440,false]},"_links":{"self":[{"href":"https:\/\/aeterrasave.net\/webmedia\/wp-json\/wp\/v2\/posts\/6106","targetHints":{"allow":["GET"]}}],"collection":[{"href":"https:\/\/aeterrasave.net\/webmedia\/wp-json\/wp\/v2\/posts"}],"about":[{"href":"https:\/\/aeterrasave.net\/webmedia\/wp-json\/wp\/v2\/types\/post"}],"author":[{"embeddable":true,"href":"https:\/\/aeterrasave.net\/webmedia\/wp-json\/wp\/v2\/users\/3"}],"replies":[{"embeddable":true,"href":"https:\/\/aeterrasave.net\/webmedia\/wp-json\/wp\/v2\/comments?post=6106"}],"version-history":[{"count":1,"href":"https:\/\/aeterrasave.net\/webmedia\/wp-json\/wp\/v2\/posts\/6106\/revisions"}],"predecessor-version":[{"id":6111,"href":"https:\/\/aeterrasave.net\/webmedia\/wp-json\/wp\/v2\/posts\/6106\/revisions\/6111"}],"wp:featuredmedia":[{"embeddable":true,"href":"https:\/\/aeterrasave.net\/webmedia\/wp-json\/wp\/v2\/media\/6109"}],"wp:attachment":[{"href":"https:\/\/aeterrasave.net\/webmedia\/wp-json\/wp\/v2\/media?parent=6106"}],"wp:term":[{"taxonomy":"category","embeddable":true,"href":"https:\/\/aeterrasave.net\/webmedia\/wp-json\/wp\/v2\/categories?post=6106"},{"taxonomy":"post_tag","embeddable":true,"href":"https:\/\/aeterrasave.net\/webmedia\/wp-json\/wp\/v2\/tags?post=6106"}],"curies":[{"name":"wp","href":"https:\/\/api.w.org\/{rel}","templated":true}]}}