{"id":6910,"date":"2021-12-13T17:42:34","date_gmt":"2021-12-13T16:42:34","guid":{"rendered":"https:\/\/aepedome.net\/webmedia\/?p=6910"},"modified":"2021-12-13T17:42:35","modified_gmt":"2021-12-13T16:42:35","slug":"visita-ao-museu-bernardino-machado-eb-pedome","status":"publish","type":"post","link":"https:\/\/aeterrasave.net\/webmedia\/visita-ao-museu-bernardino-machado-eb-pedome\/","title":{"rendered":"Visita ao Museu Bernardino Machado &#8211; EB Pedome"},"content":{"rendered":"\n<p>Na quinta-feira, 9 de dezembro, logo pela manh\u00e3 deslocamo-nos de autocarro ao Museu Bernardino Machado com os nossos professores Cl\u00e1udio e Ant\u00f3nia.\u00a0<\/p>\n\n\n\n<p>N\u00f3s fomos recebidos pela colaboradora Isabel Dias que de uma forma simp\u00e1tica e esclarecedora nos guiou e apresentou a vida e obra de Bernardino Machado.\u00a0Ficamos a conhecer dados importantes da sua vida e da sua import\u00e2ncia para o desenvolvimento do pa\u00eds e de Vila Nova de Famalic\u00e3o. O que mais nos fascinou foi o facto de ter sido Presidente da Rep\u00fablica em dois momentos e do seu empenho na luta pela igualdade de direitos das mulheres. Tamb\u00e9m h\u00e1 outra situa\u00e7\u00e3o que nos deixou muito admirados foi o de terem 19 filhos e a sua mulher ter somente 16 anos e medir 1,41.\u00a0\u00a0\u00a0\u00a0\u00a0\u00a0\u00a0\u00a0\u00a0\u00a0\u00a0\u00a0\u00a0\u00a0\u00a0\u00a0\u00a0\u00a0\u00a0\u00a0\u00a0\u00a0\u00a0\u00a0\u00a0\u00a0\u00a0\u00a0\u00a0\u00a0\u00a0\u00a0\u00a0\u00a0\u00a0\u00a0\u00a0\u00a0\u00a0\u00a0\u00a0\u00a0\u00a0\u00a0\u00a0\u00a0\u00a0\u00a0\u00a0\u00a0\u00a0\u00a0\u00a0\u00a0\u00a0\u00a0\u00a0\u00a0\u00a0\u00a0\u00a0\u00a0\u00a0\u00a0\u00a0\u00a0\u00a0 \u00a0\u00a0\u00a0\u00a0\u00a0\u00a0\u00a0\u00a0\u00a0\u00a0\u00a0\u00a0\u00a0\u00a0\u00a0\u00a0\u00a0\u00a0\u00a0\u00a0\u00a0\u00a0\u00a0\u00a0\u00a0\u00a0\u00a0\u00a0\u00a0\u00a0\u00a0\u00a0\u00a0\u00a0\u00a0\u00a0\u00a0\u00a0\u00a0\u00a0\u00a0\u00a0\u00a0\u00a0\u00a0\u00a0 <\/p>\n\n\n\n<p>Todos n\u00f3s viemos mais enriquecidos e conhecedores do nosso her\u00f3i de Portugal e do nosso concelho, Vila Nova de Famalic\u00e3o.<\/p>\n\n\n\n<div class=\"wp-block-essential-blocks-image-gallery\"><div class=\"eb-gallery-img-wrapper eb-image-gallery-ykr00il grid overlay-bottom caption-style-0 \" data-id=\"eb-image-gallery-ykr00il\"><a data-fslightbox=\"gallery\" href=\"https:\/\/aepedome.net\/webmedia\/wp-content\/uploads\/2021\/12\/BM1-Copy.jpg\" class=\"eb-gallery-img-content\"><span class=\"eb-gallery-link-wrapper\"><img decoding=\"async\" class=\"eb-gallery-img\" src=\"https:\/\/aepedome.net\/webmedia\/wp-content\/uploads\/2021\/12\/BM1-Copy.jpg\" \/><\/span><\/a><\/div><\/div>\n","protected":false},"excerpt":{"rendered":"<p>Na quinta-feira, 9 de dezembro, logo pela manh\u00e3 deslocamo-nos de autocarro ao Museu Bernardino Machado com os nossos professores Cl\u00e1udio e Ant\u00f3nia.\u00a0 N\u00f3s fomos recebidos pela colaboradora Isabel Dias que de uma forma simp\u00e1tica e esclarecedora nos guiou e apresentou a vida e obra de Bernardino Machado.\u00a0Ficamos a conhecer dados importantes da sua vida e [&hellip;]<\/p>\n","protected":false},"author":7,"featured_media":6911,"comment_status":"closed","ping_status":"closed","sticky":false,"template":"","format":"standard","meta":{"_eb_attr":"","footnotes":""},"categories":[3],"tags":[],"class_list":["post-6910","post","type-post","status-publish","format-standard","has-post-thumbnail","hentry","category-noticias"],"blog_post_layout_featured_media_urls":{"thumbnail":["https:\/\/aeterrasave.net\/webmedia\/wp-content\/uploads\/2021\/12\/BM1-Copy-150x150.jpg",150,150,true],"full":["https:\/\/aeterrasave.net\/webmedia\/wp-content\/uploads\/2021\/12\/BM1-Copy.jpg",1024,683,false]},"categories_names":{"3":{"name":"Not\u00edcias","link":"https:\/\/aeterrasave.net\/webmedia\/category\/noticias\/"}},"tags_names":[],"comments_number":0,"wpmagazine_modules_lite_featured_media_urls":{"thumbnail":["https:\/\/aeterrasave.net\/webmedia\/wp-content\/uploads\/2021\/12\/BM1-Copy-150x150.jpg",150,150,true],"cvmm-medium":["https:\/\/aeterrasave.net\/webmedia\/wp-content\/uploads\/2021\/12\/BM1-Copy.jpg",300,200,false],"cvmm-medium-plus":["https:\/\/aeterrasave.net\/webmedia\/wp-content\/uploads\/2021\/12\/BM1-Copy.jpg",305,203,false],"cvmm-portrait":["https:\/\/aeterrasave.net\/webmedia\/wp-content\/uploads\/2021\/12\/BM1-Copy.jpg",400,267,false],"cvmm-medium-square":["https:\/\/aeterrasave.net\/webmedia\/wp-content\/uploads\/2021\/12\/BM1-Copy.jpg",600,400,false],"cvmm-large":["https:\/\/aeterrasave.net\/webmedia\/wp-content\/uploads\/2021\/12\/BM1-Copy.jpg",1024,683,false],"cvmm-small":["https:\/\/aeterrasave.net\/webmedia\/wp-content\/uploads\/2021\/12\/BM1-Copy.jpg",130,87,false],"full":["https:\/\/aeterrasave.net\/webmedia\/wp-content\/uploads\/2021\/12\/BM1-Copy.jpg",1024,683,false]},"_links":{"self":[{"href":"https:\/\/aeterrasave.net\/webmedia\/wp-json\/wp\/v2\/posts\/6910","targetHints":{"allow":["GET"]}}],"collection":[{"href":"https:\/\/aeterrasave.net\/webmedia\/wp-json\/wp\/v2\/posts"}],"about":[{"href":"https:\/\/aeterrasave.net\/webmedia\/wp-json\/wp\/v2\/types\/post"}],"author":[{"embeddable":true,"href":"https:\/\/aeterrasave.net\/webmedia\/wp-json\/wp\/v2\/users\/7"}],"replies":[{"embeddable":true,"href":"https:\/\/aeterrasave.net\/webmedia\/wp-json\/wp\/v2\/comments?post=6910"}],"version-history":[{"count":4,"href":"https:\/\/aeterrasave.net\/webmedia\/wp-json\/wp\/v2\/posts\/6910\/revisions"}],"predecessor-version":[{"id":6916,"href":"https:\/\/aeterrasave.net\/webmedia\/wp-json\/wp\/v2\/posts\/6910\/revisions\/6916"}],"wp:featuredmedia":[{"embeddable":true,"href":"https:\/\/aeterrasave.net\/webmedia\/wp-json\/wp\/v2\/media\/6911"}],"wp:attachment":[{"href":"https:\/\/aeterrasave.net\/webmedia\/wp-json\/wp\/v2\/media?parent=6910"}],"wp:term":[{"taxonomy":"category","embeddable":true,"href":"https:\/\/aeterrasave.net\/webmedia\/wp-json\/wp\/v2\/categories?post=6910"},{"taxonomy":"post_tag","embeddable":true,"href":"https:\/\/aeterrasave.net\/webmedia\/wp-json\/wp\/v2\/tags?post=6910"}],"curies":[{"name":"wp","href":"https:\/\/api.w.org\/{rel}","templated":true}]}}