{"id":7301,"date":"2022-02-01T13:55:30","date_gmt":"2022-02-01T12:55:30","guid":{"rendered":"https:\/\/aepedome.net\/webmedia\/?p=7301"},"modified":"2022-02-01T13:55:32","modified_gmt":"2022-02-01T12:55:32","slug":"eb-de-ruivaes-cantar-as-janeiras","status":"publish","type":"post","link":"https:\/\/aeterrasave.net\/webmedia\/eb-de-ruivaes-cantar-as-janeiras\/","title":{"rendered":"EB de Ruiv\u00e3es &#8211; Cantar as Janeiras"},"content":{"rendered":"\n<figure class=\"wp-block-image size-rta_thumb_cropped_770x600 is-resized\"><img loading=\"lazy\" decoding=\"async\" src=\"https:\/\/aepedome.net\/webmedia\/wp-content\/uploads\/2022\/02\/Cantar-de-reis-770x600.jpg\" alt=\"\" class=\"wp-image-7302\" width=\"770\" height=\"600\" \/><\/figure>\n\n\n\n<p>Na tarde de ontem, foi com enorme alegria que os alunos da EB de Ruiv\u00e3es proporcionaram \u00e0 comunidade educativa um momento de &#8220;Cantar as Janeiras&#8221;. Celebramos assim as nossas tradi\u00e7\u00f5es. Um muito obrigado a todos os que puderam estar presentes pois alegraram os nossos alunos.<\/p>\n","protected":false},"excerpt":{"rendered":"<p>Na tarde de ontem, foi com enorme alegria que os alunos da EB de Ruiv\u00e3es proporcionaram \u00e0 comunidade educativa um momento de &#8220;Cantar as Janeiras&#8221;. Celebramos assim as nossas tradi\u00e7\u00f5es. Um muito obrigado a todos os que puderam estar presentes pois alegraram os nossos alunos.<\/p>\n","protected":false},"author":9,"featured_media":7302,"comment_status":"closed","ping_status":"closed","sticky":false,"template":"","format":"standard","meta":{"_eb_attr":"","footnotes":""},"categories":[3],"tags":[],"class_list":["post-7301","post","type-post","status-publish","format-standard","has-post-thumbnail","hentry","category-noticias"],"blog_post_layout_featured_media_urls":{"thumbnail":["https:\/\/aeterrasave.net\/webmedia\/wp-content\/uploads\/2022\/02\/Cantar-de-reis-150x150.jpg",150,150,true],"full":["https:\/\/aeterrasave.net\/webmedia\/wp-content\/uploads\/2022\/02\/Cantar-de-reis.jpg",1080,1080,false]},"categories_names":{"3":{"name":"Not\u00edcias","link":"https:\/\/aeterrasave.net\/webmedia\/category\/noticias\/"}},"tags_names":[],"comments_number":0,"wpmagazine_modules_lite_featured_media_urls":{"thumbnail":["https:\/\/aeterrasave.net\/webmedia\/wp-content\/uploads\/2022\/02\/Cantar-de-reis-150x150.jpg",150,150,true],"cvmm-medium":["https:\/\/aeterrasave.net\/webmedia\/wp-content\/uploads\/2022\/02\/Cantar-de-reis.jpg",300,300,false],"cvmm-medium-plus":["https:\/\/aeterrasave.net\/webmedia\/wp-content\/uploads\/2022\/02\/Cantar-de-reis.jpg",207,207,false],"cvmm-portrait":["https:\/\/aeterrasave.net\/webmedia\/wp-content\/uploads\/2022\/02\/Cantar-de-reis.jpg",400,400,false],"cvmm-medium-square":["https:\/\/aeterrasave.net\/webmedia\/wp-content\/uploads\/2022\/02\/Cantar-de-reis.jpg",600,600,false],"cvmm-large":["https:\/\/aeterrasave.net\/webmedia\/wp-content\/uploads\/2022\/02\/Cantar-de-reis.jpg",1024,1024,false],"cvmm-small":["https:\/\/aeterrasave.net\/webmedia\/wp-content\/uploads\/2022\/02\/Cantar-de-reis.jpg",95,95,false],"full":["https:\/\/aeterrasave.net\/webmedia\/wp-content\/uploads\/2022\/02\/Cantar-de-reis.jpg",1080,1080,false]},"_links":{"self":[{"href":"https:\/\/aeterrasave.net\/webmedia\/wp-json\/wp\/v2\/posts\/7301","targetHints":{"allow":["GET"]}}],"collection":[{"href":"https:\/\/aeterrasave.net\/webmedia\/wp-json\/wp\/v2\/posts"}],"about":[{"href":"https:\/\/aeterrasave.net\/webmedia\/wp-json\/wp\/v2\/types\/post"}],"author":[{"embeddable":true,"href":"https:\/\/aeterrasave.net\/webmedia\/wp-json\/wp\/v2\/users\/9"}],"replies":[{"embeddable":true,"href":"https:\/\/aeterrasave.net\/webmedia\/wp-json\/wp\/v2\/comments?post=7301"}],"version-history":[{"count":1,"href":"https:\/\/aeterrasave.net\/webmedia\/wp-json\/wp\/v2\/posts\/7301\/revisions"}],"predecessor-version":[{"id":7303,"href":"https:\/\/aeterrasave.net\/webmedia\/wp-json\/wp\/v2\/posts\/7301\/revisions\/7303"}],"wp:featuredmedia":[{"embeddable":true,"href":"https:\/\/aeterrasave.net\/webmedia\/wp-json\/wp\/v2\/media\/7302"}],"wp:attachment":[{"href":"https:\/\/aeterrasave.net\/webmedia\/wp-json\/wp\/v2\/media?parent=7301"}],"wp:term":[{"taxonomy":"category","embeddable":true,"href":"https:\/\/aeterrasave.net\/webmedia\/wp-json\/wp\/v2\/categories?post=7301"},{"taxonomy":"post_tag","embeddable":true,"href":"https:\/\/aeterrasave.net\/webmedia\/wp-json\/wp\/v2\/tags?post=7301"}],"curies":[{"name":"wp","href":"https:\/\/api.w.org\/{rel}","templated":true}]}}