{"id":739,"date":"2019-11-13T01:17:50","date_gmt":"2019-11-13T00:17:50","guid":{"rendered":"https:\/\/aepedome.net\/webmedia\/?p=739"},"modified":"2019-11-13T01:17:50","modified_gmt":"2019-11-13T00:17:50","slug":"reducao-de-utilizacao-de-sacos-de-plastico-na-eb-de-casteloes","status":"publish","type":"post","link":"https:\/\/aeterrasave.net\/webmedia\/reducao-de-utilizacao-de-sacos-de-plastico-na-eb-de-casteloes\/","title":{"rendered":"Redu\u00e7\u00e3o de utiliza\u00e7\u00e3o de sacos de pl\u00e1stico na EB de Castel\u00f5es"},"content":{"rendered":"<p>Com o objetivo de sensibilizar a comunidade educativa para a diminui\u00e7\u00e3o do uso de pl\u00e1sticos desnecess\u00e1rios\u00a0nas suas rotinas, a EB de Castel\u00f5es substituiu os sacos de pl\u00e1stico com que habitualmente os alunos traziam o lanche, por sacos de pano.<\/p>\n<p>Esta medida teve o apoio do Junta de Freguesia de Castel\u00f5es que ofereceu dois sacos personalizados a cada aluno.<\/p>\n<p><strong>\u00a0<em>\u201creduzir o uso de pl\u00e1stico\u00a0<\/em><\/strong><strong><em>(com prioridade para os descart\u00e1veis) \u00e9 uma responsabilidade de todos para com o planeta e a humanidade, para que as pr\u00f3ximas gera\u00e7\u00f5es possam ter a oportunidade de experienciar o planeta rico e f\u00e9rtil onde n\u00f3s tivemos a sorte de poder viver\u201d. <\/em><\/strong>(www.simplyflow.pt)<\/p>\n<p><img loading=\"lazy\" decoding=\"async\" class=\"alignnone size-medium wp-image-743\" src=\"https:\/\/aepedome.net\/webmedia\/wp-content\/uploads\/2019\/11\/f9d3bc3a-aed5-4213-a504-d0131a150653-225x300.jpg\" alt=\"\" width=\"225\" height=\"300\" \/><img loading=\"lazy\" decoding=\"async\" class=\"alignnone size-medium wp-image-741\" src=\"https:\/\/aepedome.net\/webmedia\/wp-content\/uploads\/2019\/11\/28df1525-6af7-47e7-87a5-c6f9c3b71c66-300x225.jpg\" alt=\"\" width=\"300\" height=\"225\" \/><img loading=\"lazy\" decoding=\"async\" class=\"alignnone size-medium wp-image-742\" src=\"https:\/\/aepedome.net\/webmedia\/wp-content\/uploads\/2019\/11\/40b9fbaa-de04-45be-a9e0-9183bce29375-300x225.jpg\" alt=\"\" width=\"300\" height=\"225\" \/><\/p>\n","protected":false},"excerpt":{"rendered":"<p>Com o objetivo de sensibilizar a comunidade educativa para a diminui\u00e7\u00e3o do uso de pl\u00e1sticos desnecess\u00e1rios\u00a0nas suas rotinas, a EB de Castel\u00f5es substituiu os sacos de pl\u00e1stico com que habitualmente os alunos traziam o lanche, por sacos de pano. Esta medida teve o apoio do Junta de Freguesia de Castel\u00f5es que ofereceu dois sacos personalizados [&hellip;]<\/p>\n","protected":false},"author":5,"featured_media":22989,"comment_status":"closed","ping_status":"closed","sticky":false,"template":"","format":"standard","meta":{"_eb_attr":"","footnotes":""},"categories":[3],"tags":[],"class_list":["post-739","post","type-post","status-publish","format-standard","has-post-thumbnail","hentry","category-noticias"],"blog_post_layout_featured_media_urls":{"thumbnail":["https:\/\/aeterrasave.net\/webmedia\/wp-content\/uploads\/2026\/04\/Default_AETA_New-150x82.png",150,82,true],"full":["https:\/\/aeterrasave.net\/webmedia\/wp-content\/uploads\/2026\/04\/Default_AETA_New.png",300,82,false]},"categories_names":{"3":{"name":"Not\u00edcias","link":"https:\/\/aeterrasave.net\/webmedia\/category\/noticias\/"}},"tags_names":[],"comments_number":0,"wpmagazine_modules_lite_featured_media_urls":{"thumbnail":["https:\/\/aeterrasave.net\/webmedia\/wp-content\/uploads\/2026\/04\/Default_AETA_New-150x82.png",150,82,true],"cvmm-medium":["https:\/\/aeterrasave.net\/webmedia\/wp-content\/uploads\/2026\/04\/Default_AETA_New.png",300,82,false],"cvmm-medium-plus":["https:\/\/aeterrasave.net\/webmedia\/wp-content\/uploads\/2026\/04\/Default_AETA_New.png",300,82,false],"cvmm-portrait":["https:\/\/aeterrasave.net\/webmedia\/wp-content\/uploads\/2026\/04\/Default_AETA_New.png",300,82,false],"cvmm-medium-square":["https:\/\/aeterrasave.net\/webmedia\/wp-content\/uploads\/2026\/04\/Default_AETA_New.png",300,82,false],"cvmm-large":["https:\/\/aeterrasave.net\/webmedia\/wp-content\/uploads\/2026\/04\/Default_AETA_New.png",300,82,false],"cvmm-small":["https:\/\/aeterrasave.net\/webmedia\/wp-content\/uploads\/2026\/04\/Default_AETA_New-130x82.png",130,82,true],"full":["https:\/\/aeterrasave.net\/webmedia\/wp-content\/uploads\/2026\/04\/Default_AETA_New.png",300,82,false]},"_links":{"self":[{"href":"https:\/\/aeterrasave.net\/webmedia\/wp-json\/wp\/v2\/posts\/739","targetHints":{"allow":["GET"]}}],"collection":[{"href":"https:\/\/aeterrasave.net\/webmedia\/wp-json\/wp\/v2\/posts"}],"about":[{"href":"https:\/\/aeterrasave.net\/webmedia\/wp-json\/wp\/v2\/types\/post"}],"author":[{"embeddable":true,"href":"https:\/\/aeterrasave.net\/webmedia\/wp-json\/wp\/v2\/users\/5"}],"replies":[{"embeddable":true,"href":"https:\/\/aeterrasave.net\/webmedia\/wp-json\/wp\/v2\/comments?post=739"}],"version-history":[{"count":0,"href":"https:\/\/aeterrasave.net\/webmedia\/wp-json\/wp\/v2\/posts\/739\/revisions"}],"wp:featuredmedia":[{"embeddable":true,"href":"https:\/\/aeterrasave.net\/webmedia\/wp-json\/wp\/v2\/media\/22989"}],"wp:attachment":[{"href":"https:\/\/aeterrasave.net\/webmedia\/wp-json\/wp\/v2\/media?parent=739"}],"wp:term":[{"taxonomy":"category","embeddable":true,"href":"https:\/\/aeterrasave.net\/webmedia\/wp-json\/wp\/v2\/categories?post=739"},{"taxonomy":"post_tag","embeddable":true,"href":"https:\/\/aeterrasave.net\/webmedia\/wp-json\/wp\/v2\/tags?post=739"}],"curies":[{"name":"wp","href":"https:\/\/api.w.org\/{rel}","templated":true}]}}