{"id":7467,"date":"2022-02-16T20:44:25","date_gmt":"2022-02-16T19:44:25","guid":{"rendered":"https:\/\/aepedome.net\/webmedia\/?p=7467"},"modified":"2022-02-16T21:33:34","modified_gmt":"2022-02-16T20:33:34","slug":"dia-da-amizade-na-eb-de-riba-de-ave","status":"publish","type":"post","link":"https:\/\/aeterrasave.net\/webmedia\/dia-da-amizade-na-eb-de-riba-de-ave\/","title":{"rendered":"Dia da Amizade na EB de Riba de Ave"},"content":{"rendered":"\n<p>O Dia da Amizade come\u00e7ou logo pela manh\u00e3, na rece\u00e7\u00e3o a todas as crian\u00e7as com a Escola decorada pela Associa\u00e7\u00e3o de Pais.<\/p>\n\n\n\n<p>As \u201c\u00e1rvores\u201d da Amizade estavam decoradas com \u201cfrutos\u201d muito especiais, onde se podiam ler mensagens de amor, amizade!&#8230;<\/p>\n\n\n\n<p>Foram v\u00e1rias as atividades desenvolvidas em contexto de sala de aula (escrita\/troca de mensagens, cartas, decora\u00e7\u00e3o de cora\u00e7\u00f5es\u2026) com o objetivo de sensibilizar todas as crian\u00e7as para a Amizade, Amor, Carinho, Respeito\u2026<\/p>\n\n\n\n<p>A Escola agradece \u00e0 Associa\u00e7\u00e3o de Pais pela colabora\u00e7\u00e3o<\/p>\n\n\n\n<figure class=\"wp-block-gallery columns-2 is-cropped wp-block-gallery-1 is-layout-flex wp-block-gallery-is-layout-flex\"><ul class=\"blocks-gallery-grid\"><li class=\"blocks-gallery-item\"><figure><img loading=\"lazy\" decoding=\"async\" width=\"1024\" height=\"768\" src=\"https:\/\/aepedome.net\/webmedia\/wp-content\/uploads\/2022\/02\/PHOTO-2022-02-16-12-03-06-1-1024x768.jpg\" alt=\"\" data-id=\"7469\" data-full-url=\"https:\/\/aepedome.net\/webmedia\/wp-content\/uploads\/2022\/02\/PHOTO-2022-02-16-12-03-06-1.jpg\" data-link=\"https:\/\/aepedome.net\/webmedia\/?attachment_id=7469\" class=\"wp-image-7469\" srcset=\"https:\/\/aeterrasave.net\/webmedia\/wp-content\/uploads\/2022\/02\/PHOTO-2022-02-16-12-03-06-1-1024x768.jpg 1024w, https:\/\/aeterrasave.net\/webmedia\/wp-content\/uploads\/2022\/02\/PHOTO-2022-02-16-12-03-06-1-400x300.jpg 400w, https:\/\/aeterrasave.net\/webmedia\/wp-content\/uploads\/2022\/02\/PHOTO-2022-02-16-12-03-06-1-768x576.jpg 768w, https:\/\/aeterrasave.net\/webmedia\/wp-content\/uploads\/2022\/02\/PHOTO-2022-02-16-12-03-06-1-560x420.jpg 560w, https:\/\/aeterrasave.net\/webmedia\/wp-content\/uploads\/2022\/02\/PHOTO-2022-02-16-12-03-06-1.jpg 1920w\" sizes=\"auto, (max-width: 1024px) 100vw, 1024px\" \/><\/figure><\/li><li class=\"blocks-gallery-item\"><figure><img loading=\"lazy\" decoding=\"async\" width=\"768\" height=\"1024\" src=\"https:\/\/aepedome.net\/webmedia\/wp-content\/uploads\/2022\/02\/PHOTO-2022-02-16-12-03-06-2-768x1024.jpg\" alt=\"\" data-id=\"7468\" data-full-url=\"https:\/\/aepedome.net\/webmedia\/wp-content\/uploads\/2022\/02\/PHOTO-2022-02-16-12-03-06-2.jpg\" data-link=\"https:\/\/aepedome.net\/webmedia\/?attachment_id=7468\" class=\"wp-image-7468\" srcset=\"https:\/\/aeterrasave.net\/webmedia\/wp-content\/uploads\/2022\/02\/PHOTO-2022-02-16-12-03-06-2-768x1024.jpg 768w, https:\/\/aeterrasave.net\/webmedia\/wp-content\/uploads\/2022\/02\/PHOTO-2022-02-16-12-03-06-2-300x400.jpg 300w, https:\/\/aeterrasave.net\/webmedia\/wp-content\/uploads\/2022\/02\/PHOTO-2022-02-16-12-03-06-2-560x747.jpg 560w, https:\/\/aeterrasave.net\/webmedia\/wp-content\/uploads\/2022\/02\/PHOTO-2022-02-16-12-03-06-2.jpg 1440w\" sizes=\"auto, (max-width: 768px) 100vw, 768px\" \/><\/figure><\/li><\/ul><\/figure>\n","protected":false},"excerpt":{"rendered":"<p>O Dia da Amizade come\u00e7ou logo pela manh\u00e3, na rece\u00e7\u00e3o a todas as crian\u00e7as com a Escola decorada pela Associa\u00e7\u00e3o de Pais. As \u201c\u00e1rvores\u201d da Amizade estavam decoradas com \u201cfrutos\u201d muito especiais, onde se podiam ler mensagens de amor, amizade!&#8230; Foram v\u00e1rias as atividades desenvolvidas em contexto de sala de aula (escrita\/troca de mensagens, cartas, [&hellip;]<\/p>\n","protected":false},"author":8,"featured_media":7470,"comment_status":"closed","ping_status":"closed","sticky":false,"template":"","format":"standard","meta":{"_eb_attr":"","footnotes":""},"categories":[3],"tags":[],"class_list":["post-7467","post","type-post","status-publish","format-standard","has-post-thumbnail","hentry","category-noticias"],"blog_post_layout_featured_media_urls":{"thumbnail":["https:\/\/aeterrasave.net\/webmedia\/wp-content\/uploads\/2022\/02\/PHOTO-2022-02-16-12-03-06-150x150.jpg",150,150,true],"full":["https:\/\/aeterrasave.net\/webmedia\/wp-content\/uploads\/2022\/02\/PHOTO-2022-02-16-12-03-06.jpg",1440,1920,false]},"categories_names":{"3":{"name":"Not\u00edcias","link":"https:\/\/aeterrasave.net\/webmedia\/category\/noticias\/"}},"tags_names":[],"comments_number":0,"wpmagazine_modules_lite_featured_media_urls":{"thumbnail":["https:\/\/aeterrasave.net\/webmedia\/wp-content\/uploads\/2022\/02\/PHOTO-2022-02-16-12-03-06-150x150.jpg",150,150,true],"cvmm-medium":["https:\/\/aeterrasave.net\/webmedia\/wp-content\/uploads\/2022\/02\/PHOTO-2022-02-16-12-03-06.jpg",225,300,false],"cvmm-medium-plus":["https:\/\/aeterrasave.net\/webmedia\/wp-content\/uploads\/2022\/02\/PHOTO-2022-02-16-12-03-06.jpg",155,207,false],"cvmm-portrait":["https:\/\/aeterrasave.net\/webmedia\/wp-content\/uploads\/2022\/02\/PHOTO-2022-02-16-12-03-06.jpg",400,533,false],"cvmm-medium-square":["https:\/\/aeterrasave.net\/webmedia\/wp-content\/uploads\/2022\/02\/PHOTO-2022-02-16-12-03-06.jpg",450,600,false],"cvmm-large":["https:\/\/aeterrasave.net\/webmedia\/wp-content\/uploads\/2022\/02\/PHOTO-2022-02-16-12-03-06.jpg",768,1024,false],"cvmm-small":["https:\/\/aeterrasave.net\/webmedia\/wp-content\/uploads\/2022\/02\/PHOTO-2022-02-16-12-03-06.jpg",71,95,false],"full":["https:\/\/aeterrasave.net\/webmedia\/wp-content\/uploads\/2022\/02\/PHOTO-2022-02-16-12-03-06.jpg",1440,1920,false]},"_links":{"self":[{"href":"https:\/\/aeterrasave.net\/webmedia\/wp-json\/wp\/v2\/posts\/7467","targetHints":{"allow":["GET"]}}],"collection":[{"href":"https:\/\/aeterrasave.net\/webmedia\/wp-json\/wp\/v2\/posts"}],"about":[{"href":"https:\/\/aeterrasave.net\/webmedia\/wp-json\/wp\/v2\/types\/post"}],"author":[{"embeddable":true,"href":"https:\/\/aeterrasave.net\/webmedia\/wp-json\/wp\/v2\/users\/8"}],"replies":[{"embeddable":true,"href":"https:\/\/aeterrasave.net\/webmedia\/wp-json\/wp\/v2\/comments?post=7467"}],"version-history":[{"count":2,"href":"https:\/\/aeterrasave.net\/webmedia\/wp-json\/wp\/v2\/posts\/7467\/revisions"}],"predecessor-version":[{"id":7476,"href":"https:\/\/aeterrasave.net\/webmedia\/wp-json\/wp\/v2\/posts\/7467\/revisions\/7476"}],"wp:featuredmedia":[{"embeddable":true,"href":"https:\/\/aeterrasave.net\/webmedia\/wp-json\/wp\/v2\/media\/7470"}],"wp:attachment":[{"href":"https:\/\/aeterrasave.net\/webmedia\/wp-json\/wp\/v2\/media?parent=7467"}],"wp:term":[{"taxonomy":"category","embeddable":true,"href":"https:\/\/aeterrasave.net\/webmedia\/wp-json\/wp\/v2\/categories?post=7467"},{"taxonomy":"post_tag","embeddable":true,"href":"https:\/\/aeterrasave.net\/webmedia\/wp-json\/wp\/v2\/tags?post=7467"}],"curies":[{"name":"wp","href":"https:\/\/api.w.org\/{rel}","templated":true}]}}