{"id":752,"date":"2019-11-15T18:56:22","date_gmt":"2019-11-15T17:56:22","guid":{"rendered":"https:\/\/aepedome.net\/webmedia\/?p=752"},"modified":"2019-11-15T18:56:22","modified_gmt":"2019-11-15T17:56:22","slug":"a-terra-tremeu-em-casteloes","status":"publish","type":"post","link":"https:\/\/aeterrasave.net\/webmedia\/a-terra-tremeu-em-casteloes\/","title":{"rendered":"A terra &#8220;tremeu&#8221; em Castel\u00f5es"},"content":{"rendered":"<p>No dia 15 de novembro, a EB de Castel\u00f5es participou no exerc\u00edcio p\u00fablico de preven\u00e7\u00e3o do risco s\u00edsmico A TERRA TREME.<\/p>\n<p>A TERRA TREME \u00e9 um exerc\u00edcio que pretende alertar e sensibilizar a popula\u00e7\u00e3o para agir antes, durante e depois da ocorr\u00eancia de um sismo.<\/p>\n<p>Este exerc\u00edcio vai na 7.\u00aa edi\u00e7\u00e3o e \u00e9 promovido anualmente pela Autoridade Nacional de Emerg\u00eancia e Prote\u00e7\u00e3o Civil (ANEPC) em parceria com a Dire\u00e7\u00e3o-Geral de Educa\u00e7\u00e3o e a Dire\u00e7\u00e3o-Geral dos Estabelecimentos Escolares.<\/p>\n<p><img loading=\"lazy\" decoding=\"async\" class=\"size-medium wp-image-755 aligncenter\" src=\"https:\/\/aepedome.net\/webmedia\/wp-content\/uploads\/2019\/11\/5f8473f1-2fbf-42ea-a5a3-eb351b2c7cd2-300x225.jpg\" alt=\"\" width=\"300\" height=\"225\" \/><\/p>\n<p>&nbsp;<\/p>\n<p><img loading=\"lazy\" decoding=\"async\" class=\"size-medium wp-image-756 aligncenter\" src=\"https:\/\/aepedome.net\/webmedia\/wp-content\/uploads\/2019\/11\/d62ca29e-f02d-4a7e-8682-0b5cfc272df0-300x225.jpg\" alt=\"\" width=\"300\" height=\"225\" \/><\/p>\n<p>&nbsp;<\/p>\n<p><img loading=\"lazy\" decoding=\"async\" class=\"size-medium wp-image-754 aligncenter\" src=\"https:\/\/aepedome.net\/webmedia\/wp-content\/uploads\/2019\/11\/3ef38db1-b05d-479d-99fd-c5c3e46c2d01-300x225.jpg\" alt=\"\" width=\"300\" height=\"225\" \/><\/p>\n<p>&nbsp;<\/p>\n<p>&nbsp;<\/p>\n","protected":false},"excerpt":{"rendered":"<p>No dia 15 de novembro, a EB de Castel\u00f5es participou no exerc\u00edcio p\u00fablico de preven\u00e7\u00e3o do risco s\u00edsmico A TERRA TREME. A TERRA TREME \u00e9 um exerc\u00edcio que pretende alertar e sensibilizar a popula\u00e7\u00e3o para agir antes, durante e depois da ocorr\u00eancia de um sismo. Este exerc\u00edcio vai na 7.\u00aa edi\u00e7\u00e3o e \u00e9 promovido anualmente [&hellip;]<\/p>\n","protected":false},"author":5,"featured_media":22989,"comment_status":"closed","ping_status":"closed","sticky":false,"template":"","format":"standard","meta":{"_eb_attr":"","footnotes":""},"categories":[3],"tags":[],"class_list":["post-752","post","type-post","status-publish","format-standard","has-post-thumbnail","hentry","category-noticias"],"blog_post_layout_featured_media_urls":{"thumbnail":["https:\/\/aeterrasave.net\/webmedia\/wp-content\/uploads\/2026\/04\/Default_AETA_New-150x82.png",150,82,true],"full":["https:\/\/aeterrasave.net\/webmedia\/wp-content\/uploads\/2026\/04\/Default_AETA_New.png",300,82,false]},"categories_names":{"3":{"name":"Not\u00edcias","link":"https:\/\/aeterrasave.net\/webmedia\/category\/noticias\/"}},"tags_names":[],"comments_number":0,"wpmagazine_modules_lite_featured_media_urls":{"thumbnail":["https:\/\/aeterrasave.net\/webmedia\/wp-content\/uploads\/2026\/04\/Default_AETA_New-150x82.png",150,82,true],"cvmm-medium":["https:\/\/aeterrasave.net\/webmedia\/wp-content\/uploads\/2026\/04\/Default_AETA_New.png",300,82,false],"cvmm-medium-plus":["https:\/\/aeterrasave.net\/webmedia\/wp-content\/uploads\/2026\/04\/Default_AETA_New.png",300,82,false],"cvmm-portrait":["https:\/\/aeterrasave.net\/webmedia\/wp-content\/uploads\/2026\/04\/Default_AETA_New.png",300,82,false],"cvmm-medium-square":["https:\/\/aeterrasave.net\/webmedia\/wp-content\/uploads\/2026\/04\/Default_AETA_New.png",300,82,false],"cvmm-large":["https:\/\/aeterrasave.net\/webmedia\/wp-content\/uploads\/2026\/04\/Default_AETA_New.png",300,82,false],"cvmm-small":["https:\/\/aeterrasave.net\/webmedia\/wp-content\/uploads\/2026\/04\/Default_AETA_New-130x82.png",130,82,true],"full":["https:\/\/aeterrasave.net\/webmedia\/wp-content\/uploads\/2026\/04\/Default_AETA_New.png",300,82,false]},"_links":{"self":[{"href":"https:\/\/aeterrasave.net\/webmedia\/wp-json\/wp\/v2\/posts\/752","targetHints":{"allow":["GET"]}}],"collection":[{"href":"https:\/\/aeterrasave.net\/webmedia\/wp-json\/wp\/v2\/posts"}],"about":[{"href":"https:\/\/aeterrasave.net\/webmedia\/wp-json\/wp\/v2\/types\/post"}],"author":[{"embeddable":true,"href":"https:\/\/aeterrasave.net\/webmedia\/wp-json\/wp\/v2\/users\/5"}],"replies":[{"embeddable":true,"href":"https:\/\/aeterrasave.net\/webmedia\/wp-json\/wp\/v2\/comments?post=752"}],"version-history":[{"count":0,"href":"https:\/\/aeterrasave.net\/webmedia\/wp-json\/wp\/v2\/posts\/752\/revisions"}],"wp:featuredmedia":[{"embeddable":true,"href":"https:\/\/aeterrasave.net\/webmedia\/wp-json\/wp\/v2\/media\/22989"}],"wp:attachment":[{"href":"https:\/\/aeterrasave.net\/webmedia\/wp-json\/wp\/v2\/media?parent=752"}],"wp:term":[{"taxonomy":"category","embeddable":true,"href":"https:\/\/aeterrasave.net\/webmedia\/wp-json\/wp\/v2\/categories?post=752"},{"taxonomy":"post_tag","embeddable":true,"href":"https:\/\/aeterrasave.net\/webmedia\/wp-json\/wp\/v2\/tags?post=752"}],"curies":[{"name":"wp","href":"https:\/\/api.w.org\/{rel}","templated":true}]}}