{"id":761,"date":"2019-11-18T01:14:39","date_gmt":"2019-11-18T00:14:39","guid":{"rendered":"https:\/\/aepedome.net\/webmedia\/?p=761"},"modified":"2019-11-24T10:34:35","modified_gmt":"2019-11-24T09:34:35","slug":"eb-bairro-na-i-jornada-da-liga-inclusiva","status":"publish","type":"post","link":"https:\/\/aeterrasave.net\/webmedia\/eb-bairro-na-i-jornada-da-liga-inclusiva\/","title":{"rendered":"EB Bairro na I Jornada da Liga Inclusiva"},"content":{"rendered":"<p>Os alunos da EB Bairro, que t\u00eam aulas semanais de Boccia na escola, participaram, no dia 14 de novembro, na I Jornada da Liga Inclusiva, Torneio de Boccia, que se realizou no Pavilh\u00e3o das Lameiras em Famalic\u00e3o. Participaram na modalidade equipas e na modalidade individual com calha. Um projeto de desporto adaptado que \u00e9 muito importante para os alunos.<\/p>\n<p><img loading=\"lazy\" decoding=\"async\" class=\"alignnone size-medium wp-image-764\" src=\"https:\/\/aepedome.net\/webmedia\/wp-content\/uploads\/2019\/11\/73325203_2678707452186280_5041597418529882112_n-169x300.jpg\" alt=\"\" width=\"169\" height=\"300\" \/>\u00a0<img loading=\"lazy\" decoding=\"async\" class=\"alignnone size-medium wp-image-767\" src=\"https:\/\/aepedome.net\/webmedia\/wp-content\/uploads\/2019\/11\/75472806_2678715752185450_90212468042760192_n-169x300.jpg\" alt=\"\" width=\"169\" height=\"300\" \/><img loading=\"lazy\" decoding=\"async\" class=\"alignnone size-medium wp-image-766\" src=\"https:\/\/aepedome.net\/webmedia\/wp-content\/uploads\/2019\/11\/75293026_2678715308852161_4462748380942041088_n-169x300.jpg\" alt=\"\" width=\"169\" height=\"300\" \/><img loading=\"lazy\" decoding=\"async\" class=\"alignnone size-medium wp-image-765\" src=\"https:\/\/aepedome.net\/webmedia\/wp-content\/uploads\/2019\/11\/73413113_2678715645518794_8539358431511838720_n-300x169.jpg\" alt=\"\" width=\"300\" height=\"169\" \/><img loading=\"lazy\" decoding=\"async\" class=\"alignnone size-medium wp-image-770\" src=\"https:\/\/aepedome.net\/webmedia\/wp-content\/uploads\/2019\/11\/76903553_2678707235519635_6783394707905970176_n-300x169.jpg\" alt=\"\" width=\"300\" height=\"169\" \/>\u00a0\u00a0<img loading=\"lazy\" decoding=\"async\" class=\"alignnone size-medium wp-image-768\" src=\"https:\/\/aepedome.net\/webmedia\/wp-content\/uploads\/2019\/11\/75543484_2678715432185482_453599454704959488_n-300x169.jpg\" alt=\"\" width=\"300\" height=\"169\" \/><\/p>\n","protected":false},"excerpt":{"rendered":"<p>Os alunos da EB Bairro, que t\u00eam aulas semanais de Boccia na escola, participaram, no dia 14 de novembro, na I Jornada da Liga Inclusiva, Torneio de Boccia, que se realizou no Pavilh\u00e3o das Lameiras em Famalic\u00e3o. Participaram na modalidade equipas e na modalidade individual com calha. Um projeto de desporto adaptado que \u00e9 muito [&hellip;]<\/p>\n","protected":false},"author":3,"featured_media":22989,"comment_status":"closed","ping_status":"closed","sticky":false,"template":"","format":"standard","meta":{"_eb_attr":"","footnotes":""},"categories":[3],"tags":[],"class_list":["post-761","post","type-post","status-publish","format-standard","has-post-thumbnail","hentry","category-noticias"],"blog_post_layout_featured_media_urls":{"thumbnail":["https:\/\/aeterrasave.net\/webmedia\/wp-content\/uploads\/2026\/04\/Default_AETA_New-150x82.png",150,82,true],"full":["https:\/\/aeterrasave.net\/webmedia\/wp-content\/uploads\/2026\/04\/Default_AETA_New.png",300,82,false]},"categories_names":{"3":{"name":"Not\u00edcias","link":"https:\/\/aeterrasave.net\/webmedia\/category\/noticias\/"}},"tags_names":[],"comments_number":0,"wpmagazine_modules_lite_featured_media_urls":{"thumbnail":["https:\/\/aeterrasave.net\/webmedia\/wp-content\/uploads\/2026\/04\/Default_AETA_New-150x82.png",150,82,true],"cvmm-medium":["https:\/\/aeterrasave.net\/webmedia\/wp-content\/uploads\/2026\/04\/Default_AETA_New.png",300,82,false],"cvmm-medium-plus":["https:\/\/aeterrasave.net\/webmedia\/wp-content\/uploads\/2026\/04\/Default_AETA_New.png",300,82,false],"cvmm-portrait":["https:\/\/aeterrasave.net\/webmedia\/wp-content\/uploads\/2026\/04\/Default_AETA_New.png",300,82,false],"cvmm-medium-square":["https:\/\/aeterrasave.net\/webmedia\/wp-content\/uploads\/2026\/04\/Default_AETA_New.png",300,82,false],"cvmm-large":["https:\/\/aeterrasave.net\/webmedia\/wp-content\/uploads\/2026\/04\/Default_AETA_New.png",300,82,false],"cvmm-small":["https:\/\/aeterrasave.net\/webmedia\/wp-content\/uploads\/2026\/04\/Default_AETA_New-130x82.png",130,82,true],"full":["https:\/\/aeterrasave.net\/webmedia\/wp-content\/uploads\/2026\/04\/Default_AETA_New.png",300,82,false]},"_links":{"self":[{"href":"https:\/\/aeterrasave.net\/webmedia\/wp-json\/wp\/v2\/posts\/761","targetHints":{"allow":["GET"]}}],"collection":[{"href":"https:\/\/aeterrasave.net\/webmedia\/wp-json\/wp\/v2\/posts"}],"about":[{"href":"https:\/\/aeterrasave.net\/webmedia\/wp-json\/wp\/v2\/types\/post"}],"author":[{"embeddable":true,"href":"https:\/\/aeterrasave.net\/webmedia\/wp-json\/wp\/v2\/users\/3"}],"replies":[{"embeddable":true,"href":"https:\/\/aeterrasave.net\/webmedia\/wp-json\/wp\/v2\/comments?post=761"}],"version-history":[{"count":0,"href":"https:\/\/aeterrasave.net\/webmedia\/wp-json\/wp\/v2\/posts\/761\/revisions"}],"wp:featuredmedia":[{"embeddable":true,"href":"https:\/\/aeterrasave.net\/webmedia\/wp-json\/wp\/v2\/media\/22989"}],"wp:attachment":[{"href":"https:\/\/aeterrasave.net\/webmedia\/wp-json\/wp\/v2\/media?parent=761"}],"wp:term":[{"taxonomy":"category","embeddable":true,"href":"https:\/\/aeterrasave.net\/webmedia\/wp-json\/wp\/v2\/categories?post=761"},{"taxonomy":"post_tag","embeddable":true,"href":"https:\/\/aeterrasave.net\/webmedia\/wp-json\/wp\/v2\/tags?post=761"}],"curies":[{"name":"wp","href":"https:\/\/api.w.org\/{rel}","templated":true}]}}