{"id":7665,"date":"2022-03-02T15:58:12","date_gmt":"2022-03-02T14:58:12","guid":{"rendered":"https:\/\/aepedome.net\/webmedia\/?p=7665"},"modified":"2022-03-02T15:58:14","modified_gmt":"2022-03-02T14:58:14","slug":"reciclar-na-nossa-escola","status":"publish","type":"post","link":"https:\/\/aeterrasave.net\/webmedia\/reciclar-na-nossa-escola\/","title":{"rendered":"Reciclar na nossa escola"},"content":{"rendered":"\n<p class=\"has-luminous-vivid-amber-color has-text-color\" style=\"font-size:22px\"><strong>O futuro depende de n\u00f3s<\/strong>!<\/p>\n\n\n\n<p>No \u00e2mbito do programa Recicla+, da Academia Ponto Verde, durante o m\u00eas de fevereiro, algumas turmas do 8\u00ba ano da nossa escola, realizaram uma investiga\u00e7\u00e3o e um debate sobre os res\u00edduos produzidos na mesma e sobre as solu\u00e7\u00f5es para transformar o recinto escolar num lugar onde todos possam reciclar.<\/p>\n\n\n\n<p>Os alunos, divididos em grupos, foram pesquisar acerca dos res\u00edduos produzidos nos v\u00e1rios locais do recinto escolar. Foi poss\u00edvel constatar que \u00e9 no espa\u00e7o destinado ao recreio que s\u00e3o produzidos mais res\u00edduos, onde s\u00e3o encontrados, principalmente, pl\u00e1sticos e embalagens de cart\u00e3o para alimentos l\u00edquidos (ECAL).<\/p>\n\n\n\n<p>De seguida, os alunos realizaram uma lista com os principais obst\u00e1culos \u00e0 separa\u00e7\u00e3o do lixo na escola e chegaram \u00e0 conclus\u00e3o de que o n\u00famero de ecopontos no recinto escolar, em particular no recreio, \u00e9 insuficiente. Por outro lado, os que existem nas salas de aula nem sempre est\u00e3o vis\u00edveis e bem localizados. No entanto, o aspeto mais preocupante foi a manifesta falta de h\u00e1bitos de reciclagem e de interesse no tema demonstrado por alguns elementos da comunidade educativa.<\/p>\n\n\n\n<p>No sentido de colmatar estes problemas os alunos desenvolveram um Plano de A\u00e7\u00e3o, que foi apresentado \u00e0 Diretora da escola, a professora Sandrine Fortes, do qual constam as seguintes medidas: melhorar a localiza\u00e7\u00e3o e sinaliza\u00e7\u00e3o dos ecopontos das salas de aula, criar novos ecopontos e planificar\/desenvolver campanhas de sensibiliza\u00e7\u00e3o para o tema.<\/p>\n\n\n\n<p>Desta forma, os alunos esperam aumentar o volume de reciclagem da escola e contribuir para a sustentabilidade do planeta.<\/p>\n\n\n\n<p>Turma 8\u00baE<\/p>\n\n\n\n<figure class=\"wp-block-image size-large\"><img loading=\"lazy\" decoding=\"async\" width=\"686\" height=\"382\" src=\"https:\/\/aepedome.net\/webmedia\/wp-content\/uploads\/2022\/03\/Montagem2_Noticia.jpg\" alt=\"\" class=\"wp-image-7671\" srcset=\"https:\/\/aeterrasave.net\/webmedia\/wp-content\/uploads\/2022\/03\/Montagem2_Noticia.jpg 686w, https:\/\/aeterrasave.net\/webmedia\/wp-content\/uploads\/2022\/03\/Montagem2_Noticia-400x223.jpg 400w, https:\/\/aeterrasave.net\/webmedia\/wp-content\/uploads\/2022\/03\/Montagem2_Noticia-560x312.jpg 560w\" sizes=\"auto, (max-width: 686px) 100vw, 686px\" \/><\/figure>\n\n\n\n<figure class=\"wp-block-gallery columns-1 is-cropped wp-block-gallery-1 is-layout-flex wp-block-gallery-is-layout-flex\"><ul class=\"blocks-gallery-grid\"><li class=\"blocks-gallery-item\"><figure><img loading=\"lazy\" decoding=\"async\" width=\"682\" height=\"384\" src=\"https:\/\/aepedome.net\/webmedia\/wp-content\/uploads\/2022\/03\/Montagem1_Noticia-1.jpg\" alt=\"\" data-id=\"7670\" data-full-url=\"https:\/\/aepedome.net\/webmedia\/wp-content\/uploads\/2022\/03\/Montagem1_Noticia-1.jpg\" data-link=\"https:\/\/aepedome.net\/webmedia\/?attachment_id=7670\" class=\"wp-image-7670\" srcset=\"https:\/\/aeterrasave.net\/webmedia\/wp-content\/uploads\/2022\/03\/Montagem1_Noticia-1.jpg 682w, https:\/\/aeterrasave.net\/webmedia\/wp-content\/uploads\/2022\/03\/Montagem1_Noticia-1-400x225.jpg 400w, https:\/\/aeterrasave.net\/webmedia\/wp-content\/uploads\/2022\/03\/Montagem1_Noticia-1-560x315.jpg 560w\" sizes=\"auto, (max-width: 682px) 100vw, 682px\" \/><\/figure><\/li><\/ul><\/figure>\n","protected":false},"excerpt":{"rendered":"<p>O futuro depende de n\u00f3s! No \u00e2mbito do programa Recicla+, da Academia Ponto Verde, durante o m\u00eas de fevereiro, algumas turmas do 8\u00ba ano da nossa escola, realizaram uma investiga\u00e7\u00e3o e um debate sobre os res\u00edduos produzidos na mesma e sobre as solu\u00e7\u00f5es para transformar o recinto escolar num lugar onde todos possam reciclar. Os [&hellip;]<\/p>\n","protected":false},"author":15,"featured_media":7670,"comment_status":"closed","ping_status":"closed","sticky":false,"template":"","format":"standard","meta":{"_eb_attr":"","footnotes":""},"categories":[3],"tags":[],"class_list":["post-7665","post","type-post","status-publish","format-standard","has-post-thumbnail","hentry","category-noticias"],"blog_post_layout_featured_media_urls":{"thumbnail":["https:\/\/aeterrasave.net\/webmedia\/wp-content\/uploads\/2022\/03\/Montagem1_Noticia-1-150x150.jpg",150,150,true],"full":["https:\/\/aeterrasave.net\/webmedia\/wp-content\/uploads\/2022\/03\/Montagem1_Noticia-1.jpg",682,384,false]},"categories_names":{"3":{"name":"Not\u00edcias","link":"https:\/\/aeterrasave.net\/webmedia\/category\/noticias\/"}},"tags_names":[],"comments_number":0,"wpmagazine_modules_lite_featured_media_urls":{"thumbnail":["https:\/\/aeterrasave.net\/webmedia\/wp-content\/uploads\/2022\/03\/Montagem1_Noticia-1-150x150.jpg",150,150,true],"cvmm-medium":["https:\/\/aeterrasave.net\/webmedia\/wp-content\/uploads\/2022\/03\/Montagem1_Noticia-1.jpg",300,169,false],"cvmm-medium-plus":["https:\/\/aeterrasave.net\/webmedia\/wp-content\/uploads\/2022\/03\/Montagem1_Noticia-1.jpg",305,172,false],"cvmm-portrait":["https:\/\/aeterrasave.net\/webmedia\/wp-content\/uploads\/2022\/03\/Montagem1_Noticia-1.jpg",400,225,false],"cvmm-medium-square":["https:\/\/aeterrasave.net\/webmedia\/wp-content\/uploads\/2022\/03\/Montagem1_Noticia-1.jpg",600,338,false],"cvmm-large":["https:\/\/aeterrasave.net\/webmedia\/wp-content\/uploads\/2022\/03\/Montagem1_Noticia-1.jpg",682,384,false],"cvmm-small":["https:\/\/aeterrasave.net\/webmedia\/wp-content\/uploads\/2022\/03\/Montagem1_Noticia-1.jpg",130,73,false],"full":["https:\/\/aeterrasave.net\/webmedia\/wp-content\/uploads\/2022\/03\/Montagem1_Noticia-1.jpg",682,384,false]},"_links":{"self":[{"href":"https:\/\/aeterrasave.net\/webmedia\/wp-json\/wp\/v2\/posts\/7665","targetHints":{"allow":["GET"]}}],"collection":[{"href":"https:\/\/aeterrasave.net\/webmedia\/wp-json\/wp\/v2\/posts"}],"about":[{"href":"https:\/\/aeterrasave.net\/webmedia\/wp-json\/wp\/v2\/types\/post"}],"author":[{"embeddable":true,"href":"https:\/\/aeterrasave.net\/webmedia\/wp-json\/wp\/v2\/users\/15"}],"replies":[{"embeddable":true,"href":"https:\/\/aeterrasave.net\/webmedia\/wp-json\/wp\/v2\/comments?post=7665"}],"version-history":[{"count":7,"href":"https:\/\/aeterrasave.net\/webmedia\/wp-json\/wp\/v2\/posts\/7665\/revisions"}],"predecessor-version":[{"id":7675,"href":"https:\/\/aeterrasave.net\/webmedia\/wp-json\/wp\/v2\/posts\/7665\/revisions\/7675"}],"wp:featuredmedia":[{"embeddable":true,"href":"https:\/\/aeterrasave.net\/webmedia\/wp-json\/wp\/v2\/media\/7670"}],"wp:attachment":[{"href":"https:\/\/aeterrasave.net\/webmedia\/wp-json\/wp\/v2\/media?parent=7665"}],"wp:term":[{"taxonomy":"category","embeddable":true,"href":"https:\/\/aeterrasave.net\/webmedia\/wp-json\/wp\/v2\/categories?post=7665"},{"taxonomy":"post_tag","embeddable":true,"href":"https:\/\/aeterrasave.net\/webmedia\/wp-json\/wp\/v2\/tags?post=7665"}],"curies":[{"name":"wp","href":"https:\/\/api.w.org\/{rel}","templated":true}]}}