{"id":8309,"date":"2022-04-04T23:47:50","date_gmt":"2022-04-04T22:47:50","guid":{"rendered":"https:\/\/aepedome.net\/webmedia\/?p=8309"},"modified":"2022-04-05T14:12:06","modified_gmt":"2022-04-05T13:12:06","slug":"agrupamento-de-escolas-de-pedome-e-o-parlamento-dos-jovens","status":"publish","type":"post","link":"https:\/\/aeterrasave.net\/webmedia\/agrupamento-de-escolas-de-pedome-e-o-parlamento-dos-jovens\/","title":{"rendered":"Agrupamento de Escolas de Pedome e o Parlamento dos Jovens"},"content":{"rendered":"\n<p>No \u00e2mbito do Parlamento dos Jovens \u2013 SESS\u00c3O DISTRITAL, de 4 a 5 de abril \u2013 os jovens deputados (Leonor Gon\u00e7alves do 9\u00baA; Lara Abreu e Afonso Carvalho do 9\u00baC) da nossa escola participaram, durante todo o dia na sess\u00e3o de hoje, tendo representado com distin\u00e7\u00e3o a nossa escola, para eles uma experi\u00eancia para a vida.<\/p>\n\n\n\n<p>Ao longo do ano letivo existem tr\u00eas fases em que s\u00e3o eleitos os deputados: a escolar (atrav\u00e9s de um sufr\u00e1gio direto, s\u00e3o eleitos os deputados, dando origem a um plen\u00e1rio, em que s\u00e3o eleitos os representantes da escola para a segunda fase que teve lugar hoje \u2013 a Distrital \u2013 a qual se realizou em Braga este ano, no Audit\u00f3rio Vita. Neste dia, durante a parte da manh\u00e3, houve um per\u00edodo em que se questionou o deputado Firmino Marques, e foram debatidas as v\u00e1rias medidas constantes no projeto de cada escola. Durante a tarde, continuou-se o Debate dos Projetos de Recomenda\u00e7\u00e3o (debate e vota\u00e7\u00e3o na generalidade).<\/p>\n\n\n\n<p>Amanh\u00e3, os deputados continuar\u00e3o o seu trabalho, com um debate e vota\u00e7\u00e3o na especialidade, e ser\u00e1 feita a reda\u00e7\u00e3o final do Projeto C\u00edrculo Eleitoral. Neste dia, ser\u00e1 feita a elei\u00e7\u00e3o dos deputados \u00e0 sess\u00e3o nacional do Parlamento dos Jovens, ser\u00e1 eleito o Porta-Voz do C\u00edrculo Eleitoral na Sess\u00e3o Nacional do Parlamento dos Jovens e ser\u00e1, por fim, feita a divulga\u00e7\u00e3o do tema mais votado no C\u00edrculo Eleitoral para o ano seguinte.<\/p>\n\n\n\n<p>A \u00faltima fase \u00e9 a Nacional, onde ser\u00e3o reunidos os representantes de todos os distritos para aprovarem um projeto que re\u00fana consenso, a fim de que os deputados da Assembleia da Rep\u00fablica o debatam.<\/p>\n","protected":false},"excerpt":{"rendered":"<p>No \u00e2mbito do Parlamento dos Jovens \u2013 SESS\u00c3O DISTRITAL, de 4 a 5 de abril \u2013 os jovens deputados (Leonor Gon\u00e7alves do 9\u00baA; Lara Abreu e Afonso Carvalho do 9\u00baC) da nossa escola participaram, durante todo o dia na sess\u00e3o de hoje, tendo representado com distin\u00e7\u00e3o a nossa escola, para eles uma experi\u00eancia para a [&hellip;]<\/p>\n","protected":false},"author":28,"featured_media":8310,"comment_status":"closed","ping_status":"closed","sticky":false,"template":"","format":"standard","meta":{"_eb_attr":"","footnotes":""},"categories":[3],"tags":[],"class_list":["post-8309","post","type-post","status-publish","format-standard","has-post-thumbnail","hentry","category-noticias"],"blog_post_layout_featured_media_urls":{"thumbnail":["https:\/\/aeterrasave.net\/webmedia\/wp-content\/uploads\/2022\/04\/Foto1-Parlamento-Jovem-4-abril-2022-150x150.jpg",150,150,true],"full":["https:\/\/aeterrasave.net\/webmedia\/wp-content\/uploads\/2022\/04\/Foto1-Parlamento-Jovem-4-abril-2022.jpg",1672,1254,false]},"categories_names":{"3":{"name":"Not\u00edcias","link":"https:\/\/aeterrasave.net\/webmedia\/category\/noticias\/"}},"tags_names":[],"comments_number":0,"wpmagazine_modules_lite_featured_media_urls":{"thumbnail":["https:\/\/aeterrasave.net\/webmedia\/wp-content\/uploads\/2022\/04\/Foto1-Parlamento-Jovem-4-abril-2022-150x150.jpg",150,150,true],"cvmm-medium":["https:\/\/aeterrasave.net\/webmedia\/wp-content\/uploads\/2022\/04\/Foto1-Parlamento-Jovem-4-abril-2022.jpg",300,225,false],"cvmm-medium-plus":["https:\/\/aeterrasave.net\/webmedia\/wp-content\/uploads\/2022\/04\/Foto1-Parlamento-Jovem-4-abril-2022.jpg",276,207,false],"cvmm-portrait":["https:\/\/aeterrasave.net\/webmedia\/wp-content\/uploads\/2022\/04\/Foto1-Parlamento-Jovem-4-abril-2022.jpg",400,300,false],"cvmm-medium-square":["https:\/\/aeterrasave.net\/webmedia\/wp-content\/uploads\/2022\/04\/Foto1-Parlamento-Jovem-4-abril-2022.jpg",600,450,false],"cvmm-large":["https:\/\/aeterrasave.net\/webmedia\/wp-content\/uploads\/2022\/04\/Foto1-Parlamento-Jovem-4-abril-2022.jpg",1024,768,false],"cvmm-small":["https:\/\/aeterrasave.net\/webmedia\/wp-content\/uploads\/2022\/04\/Foto1-Parlamento-Jovem-4-abril-2022.jpg",127,95,false],"full":["https:\/\/aeterrasave.net\/webmedia\/wp-content\/uploads\/2022\/04\/Foto1-Parlamento-Jovem-4-abril-2022.jpg",1672,1254,false]},"_links":{"self":[{"href":"https:\/\/aeterrasave.net\/webmedia\/wp-json\/wp\/v2\/posts\/8309","targetHints":{"allow":["GET"]}}],"collection":[{"href":"https:\/\/aeterrasave.net\/webmedia\/wp-json\/wp\/v2\/posts"}],"about":[{"href":"https:\/\/aeterrasave.net\/webmedia\/wp-json\/wp\/v2\/types\/post"}],"author":[{"embeddable":true,"href":"https:\/\/aeterrasave.net\/webmedia\/wp-json\/wp\/v2\/users\/28"}],"replies":[{"embeddable":true,"href":"https:\/\/aeterrasave.net\/webmedia\/wp-json\/wp\/v2\/comments?post=8309"}],"version-history":[{"count":2,"href":"https:\/\/aeterrasave.net\/webmedia\/wp-json\/wp\/v2\/posts\/8309\/revisions"}],"predecessor-version":[{"id":8313,"href":"https:\/\/aeterrasave.net\/webmedia\/wp-json\/wp\/v2\/posts\/8309\/revisions\/8313"}],"wp:featuredmedia":[{"embeddable":true,"href":"https:\/\/aeterrasave.net\/webmedia\/wp-json\/wp\/v2\/media\/8310"}],"wp:attachment":[{"href":"https:\/\/aeterrasave.net\/webmedia\/wp-json\/wp\/v2\/media?parent=8309"}],"wp:term":[{"taxonomy":"category","embeddable":true,"href":"https:\/\/aeterrasave.net\/webmedia\/wp-json\/wp\/v2\/categories?post=8309"},{"taxonomy":"post_tag","embeddable":true,"href":"https:\/\/aeterrasave.net\/webmedia\/wp-json\/wp\/v2\/tags?post=8309"}],"curies":[{"name":"wp","href":"https:\/\/api.w.org\/{rel}","templated":true}]}}