{"id":9615,"date":"2022-09-22T13:24:39","date_gmt":"2022-09-22T12:24:39","guid":{"rendered":"https:\/\/aepedome.net\/webmedia\/?p=9615"},"modified":"2022-09-22T13:24:41","modified_gmt":"2022-09-22T12:24:41","slug":"rececao-aos-alunos-na-eb-de-riba-de-ave-2","status":"publish","type":"post","link":"https:\/\/aeterrasave.net\/webmedia\/rececao-aos-alunos-na-eb-de-riba-de-ave-2\/","title":{"rendered":"Rece\u00e7\u00e3o aos alunos na EB de Riba de Ave"},"content":{"rendered":"\n<p class=\"wp-block-paragraph\">No dia 16 de setembro, a EB de Riba de Ave reabriu as portas para todos os alunos do 1\u00ba Ciclo e crian\u00e7as do Jardim de Inf\u00e2ncia.<br>As crian\u00e7as foram recebidas com muito carinho por todos os professores, Assistentes Operacionais e pela Associa\u00e7\u00e3o de Pais.<br>A Associa\u00e7\u00e3o de Pais (disfar\u00e7ada de emojis) deu as boas-vindas a todas as crian\u00e7as, tendo decorado a escola com um bonito arco feito de bal\u00f5es, uma passadeira vermelha e um cartaz onde se lia \u201cAqui vou ser feliz\u201d.<br>Todas as crian\u00e7as tiveram direito a um autocolante com a mesma frase.<br>Os meninos do Jardim de Inf\u00e2ncia decoraram uma linda \u201cmedalha, crach\u00e1 \u201c que levaram para casa e guardarem no \u201cba\u00fa\u201d das recorda\u00e7\u00f5es<br>A Sra. Presidente da Junta de Freguesia visitou a Escola e ofereceu um Kit com material escolar a todos os alunos do 1\u00ba ano.<br>A Escola deseja a todas as crian\u00e7as um bom ano letivo.<\/p>\n\n\n\n<div class=\"wp-block-image\"><figure class=\"aligncenter size-large is-resized\"><img loading=\"lazy\" decoding=\"async\" src=\"https:\/\/aepedome.net\/webmedia\/wp-content\/uploads\/2022\/09\/unnamed-1024x1024.jpg\" alt=\"\" class=\"wp-image-9616\" width=\"693\" height=\"693\" srcset=\"https:\/\/aeterrasave.net\/webmedia\/wp-content\/uploads\/2022\/09\/unnamed-1024x1024.jpg 1024w, https:\/\/aeterrasave.net\/webmedia\/wp-content\/uploads\/2022\/09\/unnamed-400x400.jpg 400w, https:\/\/aeterrasave.net\/webmedia\/wp-content\/uploads\/2022\/09\/unnamed-150x150.jpg 150w, https:\/\/aeterrasave.net\/webmedia\/wp-content\/uploads\/2022\/09\/unnamed-768x768.jpg 768w, https:\/\/aeterrasave.net\/webmedia\/wp-content\/uploads\/2022\/09\/unnamed-560x560.jpg 560w, https:\/\/aeterrasave.net\/webmedia\/wp-content\/uploads\/2022\/09\/unnamed.jpg 2048w\" sizes=\"auto, (max-width: 693px) 100vw, 693px\" \/><\/figure><\/div>\n","protected":false},"excerpt":{"rendered":"<p>No dia 16 de setembro, a EB de Riba de Ave reabriu as portas para todos os alunos do 1\u00ba Ciclo e crian\u00e7as do Jardim de Inf\u00e2ncia.As crian\u00e7as foram recebidas com muito carinho por todos os professores, Assistentes Operacionais e pela Associa\u00e7\u00e3o de Pais.A Associa\u00e7\u00e3o de Pais (disfar\u00e7ada de emojis) deu as boas-vindas a todas [&hellip;]<\/p>\n","protected":false},"author":8,"featured_media":9617,"comment_status":"closed","ping_status":"closed","sticky":false,"template":"","format":"standard","meta":{"_eb_attr":"","footnotes":""},"categories":[3],"tags":[],"class_list":["post-9615","post","type-post","status-publish","format-standard","has-post-thumbnail","hentry","category-noticias"],"blog_post_layout_featured_media_urls":{"thumbnail":["https:\/\/aeterrasave.net\/webmedia\/wp-content\/uploads\/2022\/09\/3f79bc16-cc3a-4590-abb3-462a07dba0da-1-150x150.jpg",150,150,true],"full":["https:\/\/aeterrasave.net\/webmedia\/wp-content\/uploads\/2022\/09\/3f79bc16-cc3a-4590-abb3-462a07dba0da-1.jpg",1600,1200,false]},"categories_names":{"3":{"name":"Not\u00edcias","link":"https:\/\/aeterrasave.net\/webmedia\/category\/noticias\/"}},"tags_names":[],"comments_number":0,"wpmagazine_modules_lite_featured_media_urls":{"thumbnail":["https:\/\/aeterrasave.net\/webmedia\/wp-content\/uploads\/2022\/09\/3f79bc16-cc3a-4590-abb3-462a07dba0da-1-150x150.jpg",150,150,true],"cvmm-medium":["https:\/\/aeterrasave.net\/webmedia\/wp-content\/uploads\/2022\/09\/3f79bc16-cc3a-4590-abb3-462a07dba0da-1.jpg",300,225,false],"cvmm-medium-plus":["https:\/\/aeterrasave.net\/webmedia\/wp-content\/uploads\/2022\/09\/3f79bc16-cc3a-4590-abb3-462a07dba0da-1.jpg",276,207,false],"cvmm-portrait":["https:\/\/aeterrasave.net\/webmedia\/wp-content\/uploads\/2022\/09\/3f79bc16-cc3a-4590-abb3-462a07dba0da-1.jpg",400,300,false],"cvmm-medium-square":["https:\/\/aeterrasave.net\/webmedia\/wp-content\/uploads\/2022\/09\/3f79bc16-cc3a-4590-abb3-462a07dba0da-1.jpg",600,450,false],"cvmm-large":["https:\/\/aeterrasave.net\/webmedia\/wp-content\/uploads\/2022\/09\/3f79bc16-cc3a-4590-abb3-462a07dba0da-1.jpg",1024,768,false],"cvmm-small":["https:\/\/aeterrasave.net\/webmedia\/wp-content\/uploads\/2022\/09\/3f79bc16-cc3a-4590-abb3-462a07dba0da-1.jpg",127,95,false],"full":["https:\/\/aeterrasave.net\/webmedia\/wp-content\/uploads\/2022\/09\/3f79bc16-cc3a-4590-abb3-462a07dba0da-1.jpg",1600,1200,false]},"_links":{"self":[{"href":"https:\/\/aeterrasave.net\/webmedia\/wp-json\/wp\/v2\/posts\/9615","targetHints":{"allow":["GET"]}}],"collection":[{"href":"https:\/\/aeterrasave.net\/webmedia\/wp-json\/wp\/v2\/posts"}],"about":[{"href":"https:\/\/aeterrasave.net\/webmedia\/wp-json\/wp\/v2\/types\/post"}],"author":[{"embeddable":true,"href":"https:\/\/aeterrasave.net\/webmedia\/wp-json\/wp\/v2\/users\/8"}],"replies":[{"embeddable":true,"href":"https:\/\/aeterrasave.net\/webmedia\/wp-json\/wp\/v2\/comments?post=9615"}],"version-history":[{"count":1,"href":"https:\/\/aeterrasave.net\/webmedia\/wp-json\/wp\/v2\/posts\/9615\/revisions"}],"predecessor-version":[{"id":9618,"href":"https:\/\/aeterrasave.net\/webmedia\/wp-json\/wp\/v2\/posts\/9615\/revisions\/9618"}],"wp:featuredmedia":[{"embeddable":true,"href":"https:\/\/aeterrasave.net\/webmedia\/wp-json\/wp\/v2\/media\/9617"}],"wp:attachment":[{"href":"https:\/\/aeterrasave.net\/webmedia\/wp-json\/wp\/v2\/media?parent=9615"}],"wp:term":[{"taxonomy":"category","embeddable":true,"href":"https:\/\/aeterrasave.net\/webmedia\/wp-json\/wp\/v2\/categories?post=9615"},{"taxonomy":"post_tag","embeddable":true,"href":"https:\/\/aeterrasave.net\/webmedia\/wp-json\/wp\/v2\/tags?post=9615"}],"curies":[{"name":"wp","href":"https:\/\/api.w.org\/{rel}","templated":true}]}}