{"id":978,"date":"2019-11-26T22:37:29","date_gmt":"2019-11-26T21:37:29","guid":{"rendered":"https:\/\/aepedome.net\/webmedia\/?p=978"},"modified":"2019-11-26T22:37:29","modified_gmt":"2019-11-26T21:37:29","slug":"projeto-cancoes-de-bem-querer-na-eb-de-casteloes","status":"publish","type":"post","link":"https:\/\/aeterrasave.net\/webmedia\/projeto-cancoes-de-bem-querer-na-eb-de-casteloes\/","title":{"rendered":"Projeto \u201cCan\u00e7\u00f5es de Bem-Querer\u201d na EB de Castel\u00f5es"},"content":{"rendered":"<p>No passado dia 22 de novembro, o Grupo Musical \u201cPedra D\u2019\u00c1gua\u201d dinamizador do projeto \u201cCan\u00e7\u00f5es de\u00a0Bem-Querer\u201d visitou a EB de Castel\u00f5es.<\/p>\n<p>Esta \u00e9 uma atividade que faz parte de um projeto de anima\u00e7\u00e3o cultural desenvolvido pelo Gabinete de Anima\u00e7\u00e3o S\u00f3cio Cultural da C\u00e2mara Municipal de Vila Nova de Famalic\u00e3o, nas turmas do 3.\u00ba e 4.\u00ba ano.<\/p>\n<p>Desta forma, os alunos tomaram conhecimento do riqu\u00edssimo patrim\u00f3nio art\u00edstico, musical e cultural portugu\u00eas, normalmente desconhecido.<\/p>\n<p>Alegria e divers\u00e3o n\u00e3o faltaram nesta ocasi\u00e3o!<\/p>\n<p>&nbsp;<\/p>\n<p><img loading=\"lazy\" decoding=\"async\" class=\"size-medium wp-image-980 alignnone\" src=\"https:\/\/aepedome.net\/webmedia\/wp-content\/uploads\/2019\/11\/IMG_9035-760x570.jpg\" alt=\"\" width=\"760\" height=\"570\" srcset=\"https:\/\/aeterrasave.net\/webmedia\/wp-content\/uploads\/2019\/11\/IMG_9035-760x570.jpg 760w, https:\/\/aeterrasave.net\/webmedia\/wp-content\/uploads\/2019\/11\/IMG_9035-1600x1200.jpg 1600w, https:\/\/aeterrasave.net\/webmedia\/wp-content\/uploads\/2019\/11\/IMG_9035-700x525.jpg 700w, https:\/\/aeterrasave.net\/webmedia\/wp-content\/uploads\/2019\/11\/IMG_9035-768x576.jpg 768w, https:\/\/aeterrasave.net\/webmedia\/wp-content\/uploads\/2019\/11\/IMG_9035-1536x1152.jpg 1536w, https:\/\/aeterrasave.net\/webmedia\/wp-content\/uploads\/2019\/11\/IMG_9035-560x420.jpg 560w, https:\/\/aeterrasave.net\/webmedia\/wp-content\/uploads\/2019\/11\/IMG_9035-80x60.jpg 80w, https:\/\/aeterrasave.net\/webmedia\/wp-content\/uploads\/2019\/11\/IMG_9035-100x75.jpg 100w, https:\/\/aeterrasave.net\/webmedia\/wp-content\/uploads\/2019\/11\/IMG_9035-180x135.jpg 180w, https:\/\/aeterrasave.net\/webmedia\/wp-content\/uploads\/2019\/11\/IMG_9035-238x178.jpg 238w, https:\/\/aeterrasave.net\/webmedia\/wp-content\/uploads\/2019\/11\/IMG_9035-640x480.jpg 640w, https:\/\/aeterrasave.net\/webmedia\/wp-content\/uploads\/2019\/11\/IMG_9035-681x511.jpg 681w, https:\/\/aeterrasave.net\/webmedia\/wp-content\/uploads\/2019\/11\/IMG_9035.jpg 2016w\" sizes=\"auto, (max-width: 760px) 100vw, 760px\" \/><\/p>\n","protected":false},"excerpt":{"rendered":"<p>No passado dia 22 de novembro, o Grupo Musical \u201cPedra D\u2019\u00c1gua\u201d dinamizador do projeto \u201cCan\u00e7\u00f5es de\u00a0Bem-Querer\u201d visitou a EB de Castel\u00f5es. Esta \u00e9 uma atividade que faz parte de um projeto de anima\u00e7\u00e3o cultural desenvolvido pelo Gabinete de Anima\u00e7\u00e3o S\u00f3cio Cultural da C\u00e2mara Municipal de Vila Nova de Famalic\u00e3o, nas turmas do 3.\u00ba e 4.\u00ba [&hellip;]<\/p>\n","protected":false},"author":5,"featured_media":22989,"comment_status":"closed","ping_status":"closed","sticky":false,"template":"","format":"standard","meta":{"_eb_attr":"","footnotes":""},"categories":[3],"tags":[],"class_list":["post-978","post","type-post","status-publish","format-standard","has-post-thumbnail","hentry","category-noticias"],"blog_post_layout_featured_media_urls":{"thumbnail":["https:\/\/aeterrasave.net\/webmedia\/wp-content\/uploads\/2026\/04\/Default_AETA_New-150x82.png",150,82,true],"full":["https:\/\/aeterrasave.net\/webmedia\/wp-content\/uploads\/2026\/04\/Default_AETA_New.png",300,82,false]},"categories_names":{"3":{"name":"Not\u00edcias","link":"https:\/\/aeterrasave.net\/webmedia\/category\/noticias\/"}},"tags_names":[],"comments_number":0,"wpmagazine_modules_lite_featured_media_urls":{"thumbnail":["https:\/\/aeterrasave.net\/webmedia\/wp-content\/uploads\/2026\/04\/Default_AETA_New-150x82.png",150,82,true],"cvmm-medium":["https:\/\/aeterrasave.net\/webmedia\/wp-content\/uploads\/2026\/04\/Default_AETA_New.png",300,82,false],"cvmm-medium-plus":["https:\/\/aeterrasave.net\/webmedia\/wp-content\/uploads\/2026\/04\/Default_AETA_New.png",300,82,false],"cvmm-portrait":["https:\/\/aeterrasave.net\/webmedia\/wp-content\/uploads\/2026\/04\/Default_AETA_New.png",300,82,false],"cvmm-medium-square":["https:\/\/aeterrasave.net\/webmedia\/wp-content\/uploads\/2026\/04\/Default_AETA_New.png",300,82,false],"cvmm-large":["https:\/\/aeterrasave.net\/webmedia\/wp-content\/uploads\/2026\/04\/Default_AETA_New.png",300,82,false],"cvmm-small":["https:\/\/aeterrasave.net\/webmedia\/wp-content\/uploads\/2026\/04\/Default_AETA_New-130x82.png",130,82,true],"full":["https:\/\/aeterrasave.net\/webmedia\/wp-content\/uploads\/2026\/04\/Default_AETA_New.png",300,82,false]},"_links":{"self":[{"href":"https:\/\/aeterrasave.net\/webmedia\/wp-json\/wp\/v2\/posts\/978","targetHints":{"allow":["GET"]}}],"collection":[{"href":"https:\/\/aeterrasave.net\/webmedia\/wp-json\/wp\/v2\/posts"}],"about":[{"href":"https:\/\/aeterrasave.net\/webmedia\/wp-json\/wp\/v2\/types\/post"}],"author":[{"embeddable":true,"href":"https:\/\/aeterrasave.net\/webmedia\/wp-json\/wp\/v2\/users\/5"}],"replies":[{"embeddable":true,"href":"https:\/\/aeterrasave.net\/webmedia\/wp-json\/wp\/v2\/comments?post=978"}],"version-history":[{"count":0,"href":"https:\/\/aeterrasave.net\/webmedia\/wp-json\/wp\/v2\/posts\/978\/revisions"}],"wp:featuredmedia":[{"embeddable":true,"href":"https:\/\/aeterrasave.net\/webmedia\/wp-json\/wp\/v2\/media\/22989"}],"wp:attachment":[{"href":"https:\/\/aeterrasave.net\/webmedia\/wp-json\/wp\/v2\/media?parent=978"}],"wp:term":[{"taxonomy":"category","embeddable":true,"href":"https:\/\/aeterrasave.net\/webmedia\/wp-json\/wp\/v2\/categories?post=978"},{"taxonomy":"post_tag","embeddable":true,"href":"https:\/\/aeterrasave.net\/webmedia\/wp-json\/wp\/v2\/tags?post=978"}],"curies":[{"name":"wp","href":"https:\/\/api.w.org\/{rel}","templated":true}]}}